{"id":10139,"date":"2022-01-07T18:06:56","date_gmt":"2022-01-07T17:06:56","guid":{"rendered":"https:\/\/ecole-stjoseph-pontchateau.fr\/?p=10139"},"modified":"2022-01-07T18:08:05","modified_gmt":"2022-01-07T17:08:05","slug":"le-theatre-a-lhonneur-pour-les-ce2a-en-cette-3eme-periode","status":"publish","type":"post","link":"https:\/\/ecole-stjoseph-pontchateau.fr\/?p=10139","title":{"rendered":"Le th\u00e9\u00e2tre \u00e0 l&rsquo;honneur pour les CE2A en cette 3\u00e8me p\u00e9riode !!"},"content":{"rendered":"<p style=\"text-align: justify\">Depuis cette semaine de rentr\u00e9e les \u00e9l\u00e8ves des classes de CE2, CM1 et CM2 b\u00e9n\u00e9ficient d&rsquo;une initiation au th\u00e9\u00e2tre gr\u00e2ce \u00e0 Typhaine et Isabelle, les deux intervenantes pour mener \u00e0 bien ce projet.<\/p>\n<p style=\"text-align: justify\">Ce mardi, les CE2A ont donc eu leur premi\u00e8re s\u00e9ance en demi groupe, ce qui permet d&rsquo;augmenter les exercices et les prises de paroles ou gestuelles.<\/p>\n<p style=\"text-align: justify\">Les \u00e9l\u00e8ves ont d&rsquo;abord appris \u00e0 se rep\u00e9rer sur la sc\u00e8ne gr\u00e2ce au lexique appropri\u00e9 tel que c\u00f4t\u00e9 COUR et c\u00f4t\u00e9 JARDIN, le LOINTAIN (ou fond de sc\u00e8ne) et le BORD de sc\u00e8ne (au plus pr\u00e8s du public).<\/p>\n<p style=\"text-align: justify\">Suite \u00e0 cette partie plus th\u00e9orique mais n\u00e9cessaire, chacun a pu travailler sur sa respiration en faisant des petits exercices pour se rendre compte de l&rsquo;importance du fait de bien inspirer de l&rsquo;air avant de prendre la parole pour dire le plus de choses possibles<\/p>\n<p style=\"text-align: justify\">Les \u00e9l\u00e8ves ont ensuite d\u00e9couvert des virelangues \u00e0 prononcer en articulant suffisamment pour \u00eatre bien compris (seize chaises s\u00e8chent&#8230;) puis sont apparues les onomatop\u00e9es pour exprimer par groupe des sentiments de tristesse, de joie, de timidit\u00e9, de peur, de col\u00e8re&#8230;<\/p>\n<p style=\"text-align: justify\">Les tracs du d\u00e9but de s\u00e9ance se sont dissip\u00e9s peu \u00e0 peu et ont laiss\u00e9 place \u00e0 des rires et des encouragements ainsi qu&rsquo;\u00e0 des propositions: \u00ab\u00a0moi je ferai comme \u00e7a&#8230;\u00a0\u00bb \u00ab\u00a0moi plut\u00f4t comme ceci&#8230;\u00a0\u00bb<\/p>\n<p style=\"text-align: justify\">Des \u00e9l\u00e8ves se sont r\u00e9v\u00e9l\u00e9 bons improvisateurs et des graines de talents vont peut-\u00eatre germer !! Les CE2A sont motiv\u00e9s pour recommencer la semaine prochaine et continuer \u00e0 travailler sur la sayn\u00e8te qu&rsquo;ils proposeront lors d&rsquo;une restitution dont la forme n&rsquo;est pas encore d\u00e9finie.<\/p>\n<p><a href=\"https:\/\/ecole-stjoseph-pontchateau.fr\/wp-content\/uploads\/2022\/01\/images-theatre.docx\"><img decoding=\"async\" src=\"https:\/\/lecafedufle.fr\/wp-content\/uploads\/2013\/02\/theatre-fle-1.jpg\" alt=\"Th\u00e9\u00e2tre FLE. Activit\u00e9s th\u00e9\u00e2trales et conseils d&#039;int\u00e9gration dans  l&#039;enseignement FLE avec Adrien Payet.\"><\/a><\/p>\n","protected":false},"excerpt":{"rendered":"<p>Depuis cette semaine de rentr\u00e9e les \u00e9l\u00e8ves des classes de CE2, CM1 et CM2 b\u00e9n\u00e9ficient d&rsquo;une initiation au th\u00e9\u00e2tre gr\u00e2ce \u00e0 Typhaine et Isabelle, les deux intervenantes pour mener \u00e0 bien ce projet. Ce mardi, les CE2A ont donc eu leur premi\u00e8re s\u00e9ance en demi groupe, ce qui permet d&rsquo;augmenter les exercices et les prises<\/p>\n<p><a href=\"https:\/\/ecole-stjoseph-pontchateau.fr\/?p=10139\" class=\"more-link themebutton\">Lire la suite<\/a><\/p>\n","protected":false},"author":8,"featured_media":0,"comment_status":"closed","ping_status":"open","sticky":false,"template":"","format":"standard","meta":{"ngg_post_thumbnail":0,"footnotes":""},"categories":[5],"tags":[],"_links":{"self":[{"href":"https:\/\/ecole-stjoseph-pontchateau.fr\/index.php?rest_route=\/wp\/v2\/posts\/10139"}],"collection":[{"href":"https:\/\/ecole-stjoseph-pontchateau.fr\/index.php?rest_route=\/wp\/v2\/posts"}],"about":[{"href":"https:\/\/ecole-stjoseph-pontchateau.fr\/index.php?rest_route=\/wp\/v2\/types\/post"}],"author":[{"embeddable":true,"href":"https:\/\/ecole-stjoseph-pontchateau.fr\/index.php?rest_route=\/wp\/v2\/users\/8"}],"replies":[{"embeddable":true,"href":"https:\/\/ecole-stjoseph-pontchateau.fr\/index.php?rest_route=%2Fwp%2Fv2%2Fcomments&post=10139"}],"version-history":[{"count":3,"href":"https:\/\/ecole-stjoseph-pontchateau.fr\/index.php?rest_route=\/wp\/v2\/posts\/10139\/revisions"}],"predecessor-version":[{"id":10147,"href":"https:\/\/ecole-stjoseph-pontchateau.fr\/index.php?rest_route=\/wp\/v2\/posts\/10139\/revisions\/10147"}],"wp:attachment":[{"href":"https:\/\/ecole-stjoseph-pontchateau.fr\/index.php?rest_route=%2Fwp%2Fv2%2Fmedia&parent=10139"}],"wp:term":[{"taxonomy":"category","embeddable":true,"href":"https:\/\/ecole-stjoseph-pontchateau.fr\/index.php?rest_route=%2Fwp%2Fv2%2Fcategories&post=10139"},{"taxonomy":"post_tag","embeddable":true,"href":"https:\/\/ecole-stjoseph-pontchateau.fr\/index.php?rest_route=%2Fwp%2Fv2%2Ftags&post=10139"}],"curies":[{"name":"wp","href":"https:\/\/api.w.org\/{rel}","templated":true}]}}