{"id":10221,"date":"2022-02-15T14:10:05","date_gmt":"2022-02-15T13:10:05","guid":{"rendered":"https:\/\/ecole-stjoseph-pontchateau.fr\/?p=10221"},"modified":"2022-02-15T14:16:40","modified_gmt":"2022-02-15T13:16:40","slug":"association-autisme-qui-roule-par-les-ce1","status":"publish","type":"post","link":"https:\/\/ecole-stjoseph-pontchateau.fr\/?p=10221","title":{"rendered":"Association \u00ab\u00a0Autisme qui roule\u00a0\u00bb par les ce1"},"content":{"rendered":"<p>Chaque ann\u00e9e \u00e0 l&rsquo;\u00e9cole Saint Joseph, les \u00e9l\u00e8ves participent \u00e0 deux actions caritatives: le \u00ab\u00a0Cross solidaire\u00a0\u00bb et&nbsp; la journ\u00e9e \u00ab\u00a0Bol de riz\u00a0\u00bb, pour donner les b\u00e9n\u00e9fices \u00e0 une association.<\/p>\n<p>Le lundi 31 janvier 2022, une maman \u00ab\u00a0Joan\u00a0\u00bb est venue \u00e0 l&rsquo;\u00e9cole pour nous parler de la maladie de son fils de 15 ans \u00ab\u00a0Elias\u00a0\u00bb et de son association \u00ab\u00a0Autisme qui roule\u00a0\u00bb.&nbsp;<\/p>\n<p>Joan a montr\u00e9 un petit dessin anim\u00e9 aux enfants qui explique que les enfants autistes sont \u00ab\u00a0comme dans leur bulle\u00a0\u00bb et il est tr\u00e8s compliqu\u00e9 pour eux de communiquer avec les autres. Ensuite elle leur a montr\u00e9 un diaporama avec une carte de l&rsquo;Europe pour expliquer le projet qu&rsquo;elle veut r\u00e9aliser avec son mari et son fils. Depuis le vendredi 4 f\u00e9vrier, Elias et ses parents sont partis \u00e0 v\u00e9lo pour faire un tour d&rsquo;Europe de plus de 8 000kms pendant six mois. A travers ce projet, les parents esp\u00e8rent r\u00e9colter suffisamment d&rsquo;argent pour faire construire un grand pr\u00e9au afin que les enfants allant \u00e0 \u00a0\u00bb l&rsquo;\u00e9cole sp\u00e9cialis\u00e9e de Blain (=IME) puissent faire de l&rsquo;\u00e9quitation par n&rsquo;importe quel temps\u00a0\u00bb.<\/p>\n<p>Enfin, Joan leur a montr\u00e9 \u00ab\u00a0le v\u00e9lo\u00a0\u00bb sur lequel Elias est un enfant diff\u00e9rent et heureux.&nbsp; Elle nous a dit par exemple, \u00ab\u00a0qu&rsquo;Elias connait sa droite et sa gauche, que quand il est sur son v\u00e9lo\u00a0\u00bb. C&rsquo;est un \u00ab\u00a0tandem\u00a0\u00bb (v\u00e9lo pour deux personnes) et \u00ab\u00a0adapt\u00e9 \u00e0 l&rsquo;avant pour qu&rsquo;Elias puisse faire du v\u00e9lo\u00a0\u00bb et il y a \u00ab\u00a0une batterie qui prend le relais si Elias est fatigu\u00e9\u00a0\u00bb. \u00ab\u00a0La deuxi\u00e8me place \u00e0 l&rsquo;arri\u00e8re (sur le tandem) est pour la maman\u00a0\u00bb et \u00ab\u00a0le papa est sur un autre v\u00e9lo pour porter le sac de la toile de tente\u00a0\u00bb.&nbsp; \u00ab\u00a0Sur le v\u00e9lo (environ 30 kg), il y a \u00ab\u00a05 sacs\u00a0\u00bb&nbsp; pour le minimum \u00e0 emporter (\u00ab\u00a0v\u00eatements, nourriture, duvets,&nbsp; &#8230;\u00a0\u00bb) et&nbsp; il faut faire attention \u00e0 bien r\u00e9partir les poids \u00ab\u00a0. Pendant leur voyage, ils vont essentiellement \u00ab\u00a0faire du camping\u00a0\u00bb.&nbsp; Ils vont traverser la France jusqu&rsquo;en Espagne, en passant par le Portugal puis prendre le bateau et remonter par L&rsquo;est de l&rsquo;Europe. Au retour, ils nous ont dit qu&rsquo;ils remonteront par la Finlande o\u00f9 il y a le village du P\u00e8re No\u00ebl et ils passeront par l&rsquo;Allemagne avant de rentrer en France.<\/p>\n<p>Enfin, un grand moment ador\u00e9 par les enfants, beaucoup d&rsquo;entre eux ont pu essayer le v\u00e9lo d&rsquo;Elias et de sa maman. Les enfants se sont montr\u00e9s tr\u00e8s int\u00e9ress\u00e9s et malgr\u00e9 leur jeune \u00e2ge, ils ont pos\u00e9s un grand nombre de questions pertinentes. Cette intervention a motiv\u00e9 les enfants et maintenant il ne reste plus qu&rsquo;\u00e0 s&rsquo;entrainer pour \u00eatre pr\u00eats pour le cross.<\/p>\n<p>&nbsp;&nbsp;&nbsp;&nbsp;&nbsp;&nbsp;&nbsp;&nbsp;&nbsp;&nbsp;&nbsp;&nbsp;&nbsp;&nbsp;&nbsp;&nbsp;&nbsp;&nbsp;&nbsp;&nbsp;&nbsp;&nbsp;&nbsp;&nbsp;&nbsp;&nbsp;&nbsp;&nbsp;&nbsp;&nbsp;&nbsp;&nbsp;&nbsp; Texte r\u00e9dig\u00e9 avec des paroles d&rsquo;enfants de ce1B<\/p>\n<p>&nbsp; <a href=\"https:\/\/ecole-stjoseph-pontchateau.fr\/wp-content\/uploads\/2022\/02\/autisme-PIC-2.jpg\"><img fetchpriority=\"high\" decoding=\"async\" class=\"alignnone size-medium wp-image-10223\" src=\"https:\/\/ecole-stjoseph-pontchateau.fr\/wp-content\/uploads\/2022\/02\/autisme-PIC-2-200x300.jpg\" alt=\"\" width=\"200\" height=\"300\" srcset=\"https:\/\/ecole-stjoseph-pontchateau.fr\/wp-content\/uploads\/2022\/02\/autisme-PIC-2-200x300.jpg 200w, https:\/\/ecole-stjoseph-pontchateau.fr\/wp-content\/uploads\/2022\/02\/autisme-PIC-2-683x1024.jpg 683w, https:\/\/ecole-stjoseph-pontchateau.fr\/wp-content\/uploads\/2022\/02\/autisme-PIC-2-768x1152.jpg 768w, https:\/\/ecole-stjoseph-pontchateau.fr\/wp-content\/uploads\/2022\/02\/autisme-PIC-2-1024x1536.jpg 1024w, https:\/\/ecole-stjoseph-pontchateau.fr\/wp-content\/uploads\/2022\/02\/autisme-PIC-2.jpg 1200w\" sizes=\"(max-width: 200px) 100vw, 200px\" \/><\/a><a href=\"https:\/\/ecole-stjoseph-pontchateau.fr\/wp-content\/uploads\/2022\/02\/autisme-qui-roule-PIC-1.jpg\"><img decoding=\"async\" class=\"alignnone size-medium wp-image-10224\" src=\"https:\/\/ecole-stjoseph-pontchateau.fr\/wp-content\/uploads\/2022\/02\/autisme-qui-roule-PIC-1-200x300.jpg\" alt=\"\" width=\"200\" height=\"300\" srcset=\"https:\/\/ecole-stjoseph-pontchateau.fr\/wp-content\/uploads\/2022\/02\/autisme-qui-roule-PIC-1-200x300.jpg 200w, https:\/\/ecole-stjoseph-pontchateau.fr\/wp-content\/uploads\/2022\/02\/autisme-qui-roule-PIC-1-683x1024.jpg 683w, https:\/\/ecole-stjoseph-pontchateau.fr\/wp-content\/uploads\/2022\/02\/autisme-qui-roule-PIC-1-768x1152.jpg 768w, https:\/\/ecole-stjoseph-pontchateau.fr\/wp-content\/uploads\/2022\/02\/autisme-qui-roule-PIC-1-1024x1536.jpg 1024w, https:\/\/ecole-stjoseph-pontchateau.fr\/wp-content\/uploads\/2022\/02\/autisme-qui-roule-PIC-1.jpg 1200w\" sizes=\"(max-width: 200px) 100vw, 200px\" \/><\/a><\/p>\n","protected":false},"excerpt":{"rendered":"<p>Chaque ann\u00e9e \u00e0 l&rsquo;\u00e9cole Saint Joseph, les \u00e9l\u00e8ves participent \u00e0 deux actions caritatives: le \u00ab\u00a0Cross solidaire\u00a0\u00bb et&nbsp; la journ\u00e9e \u00ab\u00a0Bol de riz\u00a0\u00bb, pour donner les b\u00e9n\u00e9fices \u00e0 une association. Le lundi 31 janvier 2022, une maman \u00ab\u00a0Joan\u00a0\u00bb est venue \u00e0 l&rsquo;\u00e9cole pour nous parler de la maladie de son fils de 15 ans \u00ab\u00a0Elias\u00a0\u00bb et<\/p>\n<p><a href=\"https:\/\/ecole-stjoseph-pontchateau.fr\/?p=10221\" class=\"more-link themebutton\">Lire la suite<\/a><\/p>\n","protected":false},"author":24,"featured_media":10225,"comment_status":"closed","ping_status":"open","sticky":false,"template":"","format":"standard","meta":{"ngg_post_thumbnail":0,"footnotes":""},"categories":[5],"tags":[],"_links":{"self":[{"href":"https:\/\/ecole-stjoseph-pontchateau.fr\/index.php?rest_route=\/wp\/v2\/posts\/10221"}],"collection":[{"href":"https:\/\/ecole-stjoseph-pontchateau.fr\/index.php?rest_route=\/wp\/v2\/posts"}],"about":[{"href":"https:\/\/ecole-stjoseph-pontchateau.fr\/index.php?rest_route=\/wp\/v2\/types\/post"}],"author":[{"embeddable":true,"href":"https:\/\/ecole-stjoseph-pontchateau.fr\/index.php?rest_route=\/wp\/v2\/users\/24"}],"replies":[{"embeddable":true,"href":"https:\/\/ecole-stjoseph-pontchateau.fr\/index.php?rest_route=%2Fwp%2Fv2%2Fcomments&post=10221"}],"version-history":[{"count":6,"href":"https:\/\/ecole-stjoseph-pontchateau.fr\/index.php?rest_route=\/wp\/v2\/posts\/10221\/revisions"}],"predecessor-version":[{"id":10230,"href":"https:\/\/ecole-stjoseph-pontchateau.fr\/index.php?rest_route=\/wp\/v2\/posts\/10221\/revisions\/10230"}],"wp:featuredmedia":[{"embeddable":true,"href":"https:\/\/ecole-stjoseph-pontchateau.fr\/index.php?rest_route=\/wp\/v2\/media\/10225"}],"wp:attachment":[{"href":"https:\/\/ecole-stjoseph-pontchateau.fr\/index.php?rest_route=%2Fwp%2Fv2%2Fmedia&parent=10221"}],"wp:term":[{"taxonomy":"category","embeddable":true,"href":"https:\/\/ecole-stjoseph-pontchateau.fr\/index.php?rest_route=%2Fwp%2Fv2%2Fcategories&post=10221"},{"taxonomy":"post_tag","embeddable":true,"href":"https:\/\/ecole-stjoseph-pontchateau.fr\/index.php?rest_route=%2Fwp%2Fv2%2Ftags&post=10221"}],"curies":[{"name":"wp","href":"https:\/\/api.w.org\/{rel}","templated":true}]}}