{"id":10469,"date":"2022-04-05T20:54:05","date_gmt":"2022-04-05T18:54:05","guid":{"rendered":"https:\/\/ecole-stjoseph-pontchateau.fr\/?p=10469"},"modified":"2022-04-06T10:57:41","modified_gmt":"2022-04-06T08:57:41","slug":"tous-sur-scene","status":"publish","type":"post","link":"https:\/\/ecole-stjoseph-pontchateau.fr\/?p=10469","title":{"rendered":"Tous sur sc\u00e8ne&#8230;"},"content":{"rendered":"<p style=\"text-align: center\"><strong>ATELIERS THEATRE<\/strong><\/p>\n<p>Au cours des mois de Novembre et D\u00e9cembre, les \u00e9l\u00e8ves de CP et CE1 ont particip\u00e9 \u00e0 des cours de th\u00e9\u00e2tre dispens\u00e9s par les professeurs Isabelle et Tiphaine qui sont \u00e9galement des actrices professionnelles.<\/p>\n<p>Lors des premiers cours, ils ont appris \u00e0 exprimer des phrases avec diff\u00e9rentes \u00e9motions. Puis, ils ont pr\u00e9par\u00e9 deux sayn\u00e8tes inspir\u00e9es de fables et de leur imagination.<\/p>\n<p>Vous allez maintenant avoir le plaisir de d\u00e9couvrir le r\u00e9sultat dans la vid\u00e9os jointes.<\/p>\n<p>Bon spectacle !<\/p>\n<p><strong>Pour les CPa<\/strong> :<\/p>\n<p><strong><em>Cr\u00e9er une histoire<\/em><\/strong>.<strong><em>(Cliquez sur la photo pour voir la vid\u00e9o)<\/em><\/strong><\/p>\n<p>Avec :&nbsp; Enzo &#8211; L\u00e9andre &#8211; Sacha &#8211; Martin &#8211; Lucas &#8211; Lana &#8211; Maya &#8211; L\u00e9ana &#8211; Ma\u00ebl et&nbsp; Callen<\/p>\n<p><a href=\"https:\/\/ponchateaustjoseph-my.sharepoint.com\/:v:\/g\/personal\/a_legendre_ecole-stjoseph-pontchateau_fr\/EWplF--peylEsygJi8PzVPkBPZ59mkCAwOqX-Gg3IO1HCg?e=phV7Ez\"><img fetchpriority=\"high\" decoding=\"async\" class=\"alignnone size-medium wp-image-10526\" src=\"https:\/\/ecole-stjoseph-pontchateau.fr\/wp-content\/uploads\/2022\/04\/Capture-decran-2022-04-05-194914-300x168.jpg\" alt=\"\" width=\"300\" height=\"168\" srcset=\"https:\/\/ecole-stjoseph-pontchateau.fr\/wp-content\/uploads\/2022\/04\/Capture-decran-2022-04-05-194914-300x168.jpg 300w, https:\/\/ecole-stjoseph-pontchateau.fr\/wp-content\/uploads\/2022\/04\/Capture-decran-2022-04-05-194914.jpg 643w\" sizes=\"(max-width: 300px) 100vw, 300px\" \/><\/a><\/p>\n<p><strong><em>Une histoire d&rsquo;anniversaire (Cliquez sur la photo pour voir la vid\u00e9o)<\/em><\/strong><\/p>\n<p>Avec : &#8211; El\u00e9anor-Rose &#8211; Nina &#8211; Robin &#8211; Louna &#8211; Na\u00ebl &#8211; El\u00e9na &#8211; Gaspard &#8211; Elyna &#8211; Aw\u00e9na &#8211; Ilyana &#8211; Antonin et Axel<\/p>\n<p><a href=\"https:\/\/ponchateaustjoseph-my.sharepoint.com\/:v:\/g\/personal\/a_legendre_ecole-stjoseph-pontchateau_fr\/EaQnYz--FRJBsXuAn23883oB9q3baK16R8M0sqCi7yfHHw?e=0C5Rx7\"><img decoding=\"async\" class=\"size-medium wp-image-10404 alignleft\" src=\"https:\/\/ecole-stjoseph-pontchateau.fr\/wp-content\/uploads\/2022\/03\/Une-histoire..danniversaire-300x200.jpg\" alt=\"\" width=\"300\" height=\"200\" srcset=\"https:\/\/ecole-stjoseph-pontchateau.fr\/wp-content\/uploads\/2022\/03\/Une-histoire..danniversaire-300x200.jpg 300w, https:\/\/ecole-stjoseph-pontchateau.fr\/wp-content\/uploads\/2022\/03\/Une-histoire..danniversaire-1024x683.jpg 1024w, https:\/\/ecole-stjoseph-pontchateau.fr\/wp-content\/uploads\/2022\/03\/Une-histoire..danniversaire-768x512.jpg 768w, https:\/\/ecole-stjoseph-pontchateau.fr\/wp-content\/uploads\/2022\/03\/Une-histoire..danniversaire-272x182.jpg 272w, https:\/\/ecole-stjoseph-pontchateau.fr\/wp-content\/uploads\/2022\/03\/Une-histoire..danniversaire.jpg 1278w\" sizes=\"(max-width: 300px) 100vw, 300px\" \/><\/a><\/p>\n<p>&nbsp;<\/p>\n<p>&nbsp;<\/p>\n<p>&nbsp;<\/p>\n<p>&nbsp;<\/p>\n<p>&nbsp;<\/p>\n<p>&nbsp;<\/p>\n<p><strong>P<\/strong><strong>our les CPb<\/strong> :<\/p>\n<p><em><strong>Le lion et le rat&nbsp; (Cliquez sur la photo pour voir la vid\u00e9o) <\/strong><\/em><\/p>\n<p>Avec :&nbsp;Julio &#8211; Tao &#8211; Lucas &#8211; Gabin &#8211; Eug\u00e9nie &#8211; M\u00e9lissa &#8211; Lenny &#8211; Louanne &#8211; Victor &#8211; Soline &#8211; Louise &#8211; Lily &#8211; Paul et Louis<\/p>\n<p><a href=\"https:\/\/ponchateaustjoseph-my.sharepoint.com\/:v:\/g\/personal\/a_legendre_ecole-stjoseph-pontchateau_fr\/EZyk1npIeBVPhy5lICgTStIBelSQBoq8FmAJXRS-QlauGQ?e=yrgQ6I\"><img decoding=\"async\" class=\"alignnone size-medium wp-image-10529\" src=\"https:\/\/ecole-stjoseph-pontchateau.fr\/wp-content\/uploads\/2022\/04\/Capture-decran-2022-04-05-195118-300x171.jpg\" alt=\"\" width=\"300\" height=\"171\" srcset=\"https:\/\/ecole-stjoseph-pontchateau.fr\/wp-content\/uploads\/2022\/04\/Capture-decran-2022-04-05-195118-300x171.jpg 300w, https:\/\/ecole-stjoseph-pontchateau.fr\/wp-content\/uploads\/2022\/04\/Capture-decran-2022-04-05-195118.jpg 640w\" sizes=\"(max-width: 300px) 100vw, 300px\" \/><\/a><\/p>\n<p><strong><em>Le li\u00e8vre et la tortue.&nbsp; (Cliquez sur la photo pour voir la vid\u00e9o)<\/em><\/strong><\/p>\n<p>Avec : Alice &#8211; Th\u00e9o &#8211; L\u00e9na G. &#8211; Noam &#8211; L\u00e9o &#8211; Maxence &#8211; Clara &#8211; Emy &#8211; Matthew &#8211; Marin &#8211; L\u00e9na B. &#8211; C\u00e9lia &#8211; Lily et Albane<\/p>\n<p><a href=\"https:\/\/ponchateaustjoseph-my.sharepoint.com\/:v:\/g\/personal\/a_legendre_ecole-stjoseph-pontchateau_fr\/ETy8WJRTAI9IoBccEsR9XnMBP7HHgPdsdBBfRyuOnoi0Cw?e=SyYvmo\"><img loading=\"lazy\" decoding=\"async\" class=\"alignnone size-medium wp-image-10527\" src=\"https:\/\/ecole-stjoseph-pontchateau.fr\/wp-content\/uploads\/2022\/04\/Capture-decran-2022-04-05-195006-300x169.jpg\" alt=\"\" width=\"300\" height=\"169\" srcset=\"https:\/\/ecole-stjoseph-pontchateau.fr\/wp-content\/uploads\/2022\/04\/Capture-decran-2022-04-05-195006-300x169.jpg 300w, https:\/\/ecole-stjoseph-pontchateau.fr\/wp-content\/uploads\/2022\/04\/Capture-decran-2022-04-05-195006.jpg 642w\" sizes=\"(max-width: 300px) 100vw, 300px\" \/><\/a><\/p>\n<p>&nbsp;<\/p>\n<p><strong>Pour les CPC<\/strong><\/p>\n<p><strong><em>La for\u00eat aux poules<\/em> <em>(Cliquez sur la photo pour voir la vid\u00e9o)<\/em><\/strong><\/p>\n<p>Avec : El\u00e9a, Ga\u00ebl, Ambre, Baptiste A., Lou, Lyam, Baptiste S., Noam, Sacha, Marceau, Solange, Elisa, Elliott et Louise.<\/p>\n<p><a href=\"https:\/\/ecolend44-my.sharepoint.com\/:v:\/g\/personal\/s_clement_notredame-savenay_fr\/EZexuRR_IK5NuJxCz3wrNS0BWKQ--F5DB2Qc3Gy8VXdEAw?e=rWcvdg\"><img loading=\"lazy\" decoding=\"async\" class=\"alignnone size-medium wp-image-10533\" src=\"https:\/\/ecole-stjoseph-pontchateau.fr\/wp-content\/uploads\/2022\/04\/Capture-decran-2022-04-05-205055-300x223.jpg\" alt=\"\" width=\"300\" height=\"223\" srcset=\"https:\/\/ecole-stjoseph-pontchateau.fr\/wp-content\/uploads\/2022\/04\/Capture-decran-2022-04-05-205055-300x223.jpg 300w, https:\/\/ecole-stjoseph-pontchateau.fr\/wp-content\/uploads\/2022\/04\/Capture-decran-2022-04-05-205055.jpg 548w\" sizes=\"(max-width: 300px) 100vw, 300px\" \/><\/a><\/p>\n<p>&nbsp;<\/p>\n<p><strong>Pour les CE1c :<\/strong><\/p>\n<p><strong><em>La montagne<\/em> <em>(Cliquez sur la photo pour voir la vid\u00e9o)<\/em><\/strong><\/p>\n<p>Avec : Elio, L\u00e9na, A\u00e9lis, Lou, Sacha, Ben, Ga\u00e9tan, Lukas, Louis-Ma\u00ebl, Maxine et Lorelay.<\/p>\n<p><a href=\"https:\/\/ponchateaustjoseph-my.sharepoint.com\/:v:\/g\/personal\/a_legendre_ecole-stjoseph-pontchateau_fr\/ET_3_dy1CIlMhBEPSipcrS4BrP2_bfZAT4bM2xEMopvJMQ?e=NRc4Oe\"><img loading=\"lazy\" decoding=\"async\" class=\"alignnone size-medium wp-image-10528\" src=\"https:\/\/ecole-stjoseph-pontchateau.fr\/wp-content\/uploads\/2022\/04\/Capture-decran-2022-04-05-195051-300x172.jpg\" alt=\"\" width=\"300\" height=\"172\" srcset=\"https:\/\/ecole-stjoseph-pontchateau.fr\/wp-content\/uploads\/2022\/04\/Capture-decran-2022-04-05-195051-300x172.jpg 300w, https:\/\/ecole-stjoseph-pontchateau.fr\/wp-content\/uploads\/2022\/04\/Capture-decran-2022-04-05-195051.jpg 641w\" sizes=\"(max-width: 300px) 100vw, 300px\" \/><\/a><\/p>\n<p>&nbsp;<\/p>\n<p>&nbsp;<\/p>\n<p>&nbsp;<\/p>\n<p>&nbsp;<\/p>\n","protected":false},"excerpt":{"rendered":"<p>ATELIERS THEATRE Au cours des mois de Novembre et D\u00e9cembre, les \u00e9l\u00e8ves de CP et CE1 ont particip\u00e9 \u00e0 des cours de th\u00e9\u00e2tre dispens\u00e9s par les professeurs Isabelle et Tiphaine qui sont \u00e9galement des actrices professionnelles. Lors des premiers cours, ils ont appris \u00e0 exprimer des phrases avec diff\u00e9rentes \u00e9motions. Puis, ils ont pr\u00e9par\u00e9 deux<\/p>\n<p><a href=\"https:\/\/ecole-stjoseph-pontchateau.fr\/?p=10469\" class=\"more-link themebutton\">Lire la suite<\/a><\/p>\n","protected":false},"author":13,"featured_media":0,"comment_status":"closed","ping_status":"open","sticky":false,"template":"","format":"standard","meta":{"ngg_post_thumbnail":0,"footnotes":""},"categories":[5,49,56],"tags":[],"_links":{"self":[{"href":"https:\/\/ecole-stjoseph-pontchateau.fr\/index.php?rest_route=\/wp\/v2\/posts\/10469"}],"collection":[{"href":"https:\/\/ecole-stjoseph-pontchateau.fr\/index.php?rest_route=\/wp\/v2\/posts"}],"about":[{"href":"https:\/\/ecole-stjoseph-pontchateau.fr\/index.php?rest_route=\/wp\/v2\/types\/post"}],"author":[{"embeddable":true,"href":"https:\/\/ecole-stjoseph-pontchateau.fr\/index.php?rest_route=\/wp\/v2\/users\/13"}],"replies":[{"embeddable":true,"href":"https:\/\/ecole-stjoseph-pontchateau.fr\/index.php?rest_route=%2Fwp%2Fv2%2Fcomments&post=10469"}],"version-history":[{"count":14,"href":"https:\/\/ecole-stjoseph-pontchateau.fr\/index.php?rest_route=\/wp\/v2\/posts\/10469\/revisions"}],"predecessor-version":[{"id":10545,"href":"https:\/\/ecole-stjoseph-pontchateau.fr\/index.php?rest_route=\/wp\/v2\/posts\/10469\/revisions\/10545"}],"wp:attachment":[{"href":"https:\/\/ecole-stjoseph-pontchateau.fr\/index.php?rest_route=%2Fwp%2Fv2%2Fmedia&parent=10469"}],"wp:term":[{"taxonomy":"category","embeddable":true,"href":"https:\/\/ecole-stjoseph-pontchateau.fr\/index.php?rest_route=%2Fwp%2Fv2%2Fcategories&post=10469"},{"taxonomy":"post_tag","embeddable":true,"href":"https:\/\/ecole-stjoseph-pontchateau.fr\/index.php?rest_route=%2Fwp%2Fv2%2Ftags&post=10469"}],"curies":[{"name":"wp","href":"https:\/\/api.w.org\/{rel}","templated":true}]}}