{"id":1178,"date":"2015-11-13T14:46:36","date_gmt":"2015-11-13T13:46:36","guid":{"rendered":"https:\/\/ecole-stjoseph-pontchateau.fr\/?p=1178"},"modified":"2015-11-13T14:47:46","modified_gmt":"2015-11-13T13:47:46","slug":"un-arc-en-ciel-pour-mieux-vivre-ensemble","status":"publish","type":"post","link":"https:\/\/ecole-stjoseph-pontchateau.fr\/?p=1178","title":{"rendered":"Un arc en ciel pour mieux vivre ensemble"},"content":{"rendered":"<p>Dans le cadre du projet d&rsquo;\u00e9cole, les enfants utilisent un visuel \u00a0\u00bb Arc en ciel\u00a0\u00bb qui leur permet d&rsquo;afficher leurs progr\u00e8s dans le domaine du vivre ensemble. Si l&rsquo;\u00e9quipe enseignante est \u00e0 l&rsquo;origine de ce concept c&rsquo;est gr\u00e2ce au talent de 2 mamans d&rsquo;\u00e9l\u00e8ves que l&rsquo;Arc en ciel illumine la cour de l&rsquo;\u00e9cole.<\/p>\n<p><a href=\"https:\/\/ecole-stjoseph-pontchateau.fr\/wp-content\/uploads\/2015\/11\/20151103_094454.jpg\"><img fetchpriority=\"high\" decoding=\"async\" class=\"size-medium wp-image-1134 aligncenter\" src=\"https:\/\/ecole-stjoseph-pontchateau.fr\/wp-content\/uploads\/2015\/11\/20151103_094454-300x225.jpg\" alt=\"20151103_094454\" width=\"300\" height=\"225\" srcset=\"https:\/\/ecole-stjoseph-pontchateau.fr\/wp-content\/uploads\/2015\/11\/20151103_094454-300x225.jpg 300w, https:\/\/ecole-stjoseph-pontchateau.fr\/wp-content\/uploads\/2015\/11\/20151103_094454-1024x768.jpg 1024w, https:\/\/ecole-stjoseph-pontchateau.fr\/wp-content\/uploads\/2015\/11\/20151103_094454-600x450.jpg 600w, https:\/\/ecole-stjoseph-pontchateau.fr\/wp-content\/uploads\/2015\/11\/20151103_094454-960x720.jpg 960w, https:\/\/ecole-stjoseph-pontchateau.fr\/wp-content\/uploads\/2015\/11\/20151103_094454-480x360.jpg 480w, https:\/\/ecole-stjoseph-pontchateau.fr\/wp-content\/uploads\/2015\/11\/20151103_094454-320x240.jpg 320w, https:\/\/ecole-stjoseph-pontchateau.fr\/wp-content\/uploads\/2015\/11\/20151103_094454-240x180.jpg 240w, https:\/\/ecole-stjoseph-pontchateau.fr\/wp-content\/uploads\/2015\/11\/20151103_094454.jpg 2048w\" sizes=\"(max-width: 300px) 100vw, 300px\" \/><\/a><\/p>\n","protected":false},"excerpt":{"rendered":"<p>Dans le cadre du projet d&rsquo;\u00e9cole, les enfants utilisent un visuel \u00a0\u00bb Arc en ciel\u00a0\u00bb qui leur permet d&rsquo;afficher leurs progr\u00e8s dans le domaine du vivre ensemble. Si l&rsquo;\u00e9quipe enseignante est \u00e0 l&rsquo;origine de ce concept c&rsquo;est gr\u00e2ce au talent de 2 mamans d&rsquo;\u00e9l\u00e8ves que l&rsquo;Arc en ciel illumine la cour de l&rsquo;\u00e9cole.<\/p>\n","protected":false},"author":26,"featured_media":0,"comment_status":"closed","ping_status":"open","sticky":false,"template":"","format":"standard","meta":{"ngg_post_thumbnail":0,"footnotes":""},"categories":[49],"tags":[],"_links":{"self":[{"href":"https:\/\/ecole-stjoseph-pontchateau.fr\/index.php?rest_route=\/wp\/v2\/posts\/1178"}],"collection":[{"href":"https:\/\/ecole-stjoseph-pontchateau.fr\/index.php?rest_route=\/wp\/v2\/posts"}],"about":[{"href":"https:\/\/ecole-stjoseph-pontchateau.fr\/index.php?rest_route=\/wp\/v2\/types\/post"}],"author":[{"embeddable":true,"href":"https:\/\/ecole-stjoseph-pontchateau.fr\/index.php?rest_route=\/wp\/v2\/users\/26"}],"replies":[{"embeddable":true,"href":"https:\/\/ecole-stjoseph-pontchateau.fr\/index.php?rest_route=%2Fwp%2Fv2%2Fcomments&post=1178"}],"version-history":[{"count":0,"href":"https:\/\/ecole-stjoseph-pontchateau.fr\/index.php?rest_route=\/wp\/v2\/posts\/1178\/revisions"}],"wp:attachment":[{"href":"https:\/\/ecole-stjoseph-pontchateau.fr\/index.php?rest_route=%2Fwp%2Fv2%2Fmedia&parent=1178"}],"wp:term":[{"taxonomy":"category","embeddable":true,"href":"https:\/\/ecole-stjoseph-pontchateau.fr\/index.php?rest_route=%2Fwp%2Fv2%2Fcategories&post=1178"},{"taxonomy":"post_tag","embeddable":true,"href":"https:\/\/ecole-stjoseph-pontchateau.fr\/index.php?rest_route=%2Fwp%2Fv2%2Ftags&post=1178"}],"curies":[{"name":"wp","href":"https:\/\/api.w.org\/{rel}","templated":true}]}}