{"id":12221,"date":"2023-11-17T15:06:09","date_gmt":"2023-11-17T14:06:09","guid":{"rendered":"https:\/\/ecole-stjoseph-pontchateau.fr\/?p=12221"},"modified":"2023-11-17T15:07:51","modified_gmt":"2023-11-17T14:07:51","slug":"les-cm1c-ensemble-contre-le-harcelement","status":"publish","type":"post","link":"https:\/\/ecole-stjoseph-pontchateau.fr\/?p=12221","title":{"rendered":"Les CM1C ensemble contre le harc\u00e8lement"},"content":{"rendered":"<p><span style=\"font-weight: 400\">La<\/span> <span style=\"font-weight: 400\">Journ\u00e9e nationale de lutte contre le harc\u00e8lement \u00e0 l\u2019\u00e9cole a eu&nbsp; lieu le jeudi 09 novembre 2023. Elle constitue l\u2019un des temps forts du programme Phare, dispositif de pr\u00e9vention du harc\u00e8lement \u00e0 l\u2019\u00e9cole.&nbsp;<\/span><\/p>\n<p><span style=\"font-weight: 400\">Lors de cette journ\u00e9e de mobilisation mais aussi avant et apr\u00e8s celle-ci, les CM1C ont particip\u00e9 \u00e0 plusieurs activit\u00e9s en classe dans le cadre du programme d\u2019EMC au cycle 3 : respecter autrui et accepter les diff\u00e9rences.<\/span><\/p>\n<p><span style=\"font-weight: 400\">A l\u2019occasion de ce temps fort, ils ont \u00e9t\u00e9 invit\u00e9s \u00e0 r\u00e9pondre au questionnaire d\u2019auto\u00e9valuation d\u00e9livr\u00e9 par le minist\u00e8re de l\u2019Education Nationale.&nbsp;<\/span><\/p>\n<p><span style=\"font-weight: 400\">Afin d\u2019\u00eatre sensibilis\u00e9s \u00e0 la lutte contre le harc\u00e8lement, les CM1C ont \u00e9galement particip\u00e9 en direct, ce vendredi 17 novembre, \u00e0 l\u2019\u00e9mission p\u00e9dagogique de \u201c1 jour, 1 actu le direct\u201d.&nbsp;<\/span><\/p>\n<p><span style=\"font-weight: 400\">En amont, ils avaient pr\u00e9par\u00e9 cette visioconf\u00e9rence et r\u00e9dig\u00e9 des questions qui ont \u00e9t\u00e9 envoy\u00e9es aux intervenants. Les invit\u00e9s de cette \u00e9mission \u00e9taient C\u00e9cilia et Akim, formateurs du Centre ReSIS (centre de ressources et d\u2019\u00e9tudes syst\u00e9miques contre les intimidations scolaires).&nbsp;<\/span><span style=\"font-weight: 400\">Suite \u00e0 la visioconf\u00e9rence, des \u00e9changes ont eu lieu en classe. <\/span><\/p>\n<p><span style=\"font-weight: 400\">Les CM1C ont retenu diff\u00e9rentes solutions pour vaincre le harc\u00e8lement : \u00ab\u00a0dire non, en parler, se faire aider, ne pas rester seul, entourer la victime, 3018 : le num\u00e9ro vert pour tout renseignement ou signalement\u00a0\u00bb. <\/span><\/p>\n<p><a href=\"https:\/\/ecole-stjoseph-pontchateau.fr\/wp-content\/uploads\/2023\/11\/IMG_4587-scaled.jpg\"><img fetchpriority=\"high\" decoding=\"async\" class=\"alignnone size-medium wp-image-12222\" src=\"https:\/\/ecole-stjoseph-pontchateau.fr\/wp-content\/uploads\/2023\/11\/IMG_4587-300x225.jpg\" alt=\"\" width=\"300\" height=\"225\" srcset=\"https:\/\/ecole-stjoseph-pontchateau.fr\/wp-content\/uploads\/2023\/11\/IMG_4587-300x225.jpg 300w, https:\/\/ecole-stjoseph-pontchateau.fr\/wp-content\/uploads\/2023\/11\/IMG_4587-1024x768.jpg 1024w, https:\/\/ecole-stjoseph-pontchateau.fr\/wp-content\/uploads\/2023\/11\/IMG_4587-768x576.jpg 768w, https:\/\/ecole-stjoseph-pontchateau.fr\/wp-content\/uploads\/2023\/11\/IMG_4587-1536x1152.jpg 1536w, https:\/\/ecole-stjoseph-pontchateau.fr\/wp-content\/uploads\/2023\/11\/IMG_4587-2048x1536.jpg 2048w, https:\/\/ecole-stjoseph-pontchateau.fr\/wp-content\/uploads\/2023\/11\/IMG_4587-1320x990.jpg 1320w\" sizes=\"(max-width: 300px) 100vw, 300px\" \/><\/a> <a href=\"https:\/\/ecole-stjoseph-pontchateau.fr\/wp-content\/uploads\/2023\/11\/IMG_4590-scaled.jpg\"><img decoding=\"async\" class=\"alignnone size-medium wp-image-12223\" src=\"https:\/\/ecole-stjoseph-pontchateau.fr\/wp-content\/uploads\/2023\/11\/IMG_4590-300x225.jpg\" alt=\"\" width=\"300\" height=\"225\" srcset=\"https:\/\/ecole-stjoseph-pontchateau.fr\/wp-content\/uploads\/2023\/11\/IMG_4590-300x225.jpg 300w, https:\/\/ecole-stjoseph-pontchateau.fr\/wp-content\/uploads\/2023\/11\/IMG_4590-1024x768.jpg 1024w, https:\/\/ecole-stjoseph-pontchateau.fr\/wp-content\/uploads\/2023\/11\/IMG_4590-768x576.jpg 768w, https:\/\/ecole-stjoseph-pontchateau.fr\/wp-content\/uploads\/2023\/11\/IMG_4590-1536x1152.jpg 1536w, https:\/\/ecole-stjoseph-pontchateau.fr\/wp-content\/uploads\/2023\/11\/IMG_4590-2048x1536.jpg 2048w, https:\/\/ecole-stjoseph-pontchateau.fr\/wp-content\/uploads\/2023\/11\/IMG_4590-1320x990.jpg 1320w\" sizes=\"(max-width: 300px) 100vw, 300px\" \/><\/a><\/p>\n","protected":false},"excerpt":{"rendered":"<p>La Journ\u00e9e nationale de lutte contre le harc\u00e8lement \u00e0 l\u2019\u00e9cole a eu&nbsp; lieu le jeudi 09 novembre 2023. Elle constitue l\u2019un des temps forts du programme Phare, dispositif de pr\u00e9vention du harc\u00e8lement \u00e0 l\u2019\u00e9cole.&nbsp; Lors de cette journ\u00e9e de mobilisation mais aussi avant et apr\u00e8s celle-ci, les CM1C ont particip\u00e9 \u00e0 plusieurs activit\u00e9s en classe<\/p>\n<p><a href=\"https:\/\/ecole-stjoseph-pontchateau.fr\/?p=12221\" class=\"more-link themebutton\">Lire la suite<\/a><\/p>\n","protected":false},"author":23,"featured_media":12223,"comment_status":"closed","ping_status":"open","sticky":false,"template":"","format":"standard","meta":{"ngg_post_thumbnail":0,"footnotes":""},"categories":[6],"tags":[],"_links":{"self":[{"href":"https:\/\/ecole-stjoseph-pontchateau.fr\/index.php?rest_route=\/wp\/v2\/posts\/12221"}],"collection":[{"href":"https:\/\/ecole-stjoseph-pontchateau.fr\/index.php?rest_route=\/wp\/v2\/posts"}],"about":[{"href":"https:\/\/ecole-stjoseph-pontchateau.fr\/index.php?rest_route=\/wp\/v2\/types\/post"}],"author":[{"embeddable":true,"href":"https:\/\/ecole-stjoseph-pontchateau.fr\/index.php?rest_route=\/wp\/v2\/users\/23"}],"replies":[{"embeddable":true,"href":"https:\/\/ecole-stjoseph-pontchateau.fr\/index.php?rest_route=%2Fwp%2Fv2%2Fcomments&post=12221"}],"version-history":[{"count":2,"href":"https:\/\/ecole-stjoseph-pontchateau.fr\/index.php?rest_route=\/wp\/v2\/posts\/12221\/revisions"}],"predecessor-version":[{"id":12225,"href":"https:\/\/ecole-stjoseph-pontchateau.fr\/index.php?rest_route=\/wp\/v2\/posts\/12221\/revisions\/12225"}],"wp:featuredmedia":[{"embeddable":true,"href":"https:\/\/ecole-stjoseph-pontchateau.fr\/index.php?rest_route=\/wp\/v2\/media\/12223"}],"wp:attachment":[{"href":"https:\/\/ecole-stjoseph-pontchateau.fr\/index.php?rest_route=%2Fwp%2Fv2%2Fmedia&parent=12221"}],"wp:term":[{"taxonomy":"category","embeddable":true,"href":"https:\/\/ecole-stjoseph-pontchateau.fr\/index.php?rest_route=%2Fwp%2Fv2%2Fcategories&post=12221"},{"taxonomy":"post_tag","embeddable":true,"href":"https:\/\/ecole-stjoseph-pontchateau.fr\/index.php?rest_route=%2Fwp%2Fv2%2Ftags&post=12221"}],"curies":[{"name":"wp","href":"https:\/\/api.w.org\/{rel}","templated":true}]}}