{"id":12493,"date":"2024-02-01T20:11:00","date_gmt":"2024-02-01T19:11:00","guid":{"rendered":"https:\/\/ecole-stjoseph-pontchateau.fr\/?p=12493"},"modified":"2024-02-01T20:11:00","modified_gmt":"2024-02-01T19:11:00","slug":"sortie-a-nantes","status":"publish","type":"post","link":"https:\/\/ecole-stjoseph-pontchateau.fr\/?p=12493","title":{"rendered":"Sortie \u00e0 Nantes"},"content":{"rendered":"<p>Le jeudi 1<sup>er<\/sup> f\u00e9vrier, les \u00e9l\u00e8ves de CM1 se sont rendus \u00e0 Nantes.&nbsp; Ils ont eu le privil\u00e8ge d\u2019assister \u00e0 un concert dans le cadre de \u00ab&nbsp;la Folle journ\u00e9e&nbsp;\u00bb, ce qui constitue un temps fort du parcours d\u2019\u00e9ducation artistique et culturelle des \u00e9l\u00e8ves. En amont, dans la classe, ils avaient \u00e9chang\u00e9 sur leurs repr\u00e9sentations \u00e0 partir d\u2019affiches et d\u2019extraits d\u2019articles de journaux sur ce festival.&nbsp; Ils ont pu d\u00e9velopper leur curiosit\u00e9 et leur plaisir \u00e0 d\u00e9couvrir des \u0153uvres \u00e0 partir d\u2019\u00e9coutes musicales (\u0153uvres de Debussy et de Chopin). Le jeudi matin, ils ont assist\u00e9 \u00e0 la repr\u00e9sentation du \u00ab&nbsp;Piano buissonnier&nbsp;\u00bb d\u2019Herv\u00e9 Billaut.<\/p>\n<p>L\u2019apr\u00e8s-midi, apr\u00e8s un pique-nique tr\u00e8s appr\u00e9ci\u00e9, les CM1 ont particip\u00e9 \u00e0 un parcours avec d\u00e9fis et questions sur le centre historique nantais. Ce fut l\u2019occasion de se rep\u00e9rer dans l&rsquo;espace et de construire des rep\u00e8res g\u00e9ographiques.<\/p>\n<p>De retour en classe, les CM1 ont pu exprimer leurs \u00e9motions, leurs ressentis sur le concert en gardant une trace de cette journ\u00e9e.<\/p>\nngg_shortcode_0_placeholder\n","protected":false},"excerpt":{"rendered":"<p>Le jeudi 1er f\u00e9vrier, les \u00e9l\u00e8ves de CM1 se sont rendus \u00e0 Nantes.&nbsp; Ils ont eu le privil\u00e8ge d\u2019assister \u00e0 un concert dans le cadre de \u00ab&nbsp;la Folle journ\u00e9e&nbsp;\u00bb, ce qui constitue un temps fort du parcours d\u2019\u00e9ducation artistique et culturelle des \u00e9l\u00e8ves. En amont, dans la classe, ils avaient \u00e9chang\u00e9 sur leurs repr\u00e9sentations \u00e0<\/p>\n<p><a href=\"https:\/\/ecole-stjoseph-pontchateau.fr\/?p=12493\" class=\"more-link themebutton\">Lire la suite<\/a><\/p>\n","protected":false},"author":4,"featured_media":0,"comment_status":"closed","ping_status":"open","sticky":false,"template":"","format":"standard","meta":{"ngg_post_thumbnail":0,"footnotes":""},"categories":[6,39],"tags":[],"_links":{"self":[{"href":"https:\/\/ecole-stjoseph-pontchateau.fr\/index.php?rest_route=\/wp\/v2\/posts\/12493"}],"collection":[{"href":"https:\/\/ecole-stjoseph-pontchateau.fr\/index.php?rest_route=\/wp\/v2\/posts"}],"about":[{"href":"https:\/\/ecole-stjoseph-pontchateau.fr\/index.php?rest_route=\/wp\/v2\/types\/post"}],"author":[{"embeddable":true,"href":"https:\/\/ecole-stjoseph-pontchateau.fr\/index.php?rest_route=\/wp\/v2\/users\/4"}],"replies":[{"embeddable":true,"href":"https:\/\/ecole-stjoseph-pontchateau.fr\/index.php?rest_route=%2Fwp%2Fv2%2Fcomments&post=12493"}],"version-history":[{"count":1,"href":"https:\/\/ecole-stjoseph-pontchateau.fr\/index.php?rest_route=\/wp\/v2\/posts\/12493\/revisions"}],"predecessor-version":[{"id":12494,"href":"https:\/\/ecole-stjoseph-pontchateau.fr\/index.php?rest_route=\/wp\/v2\/posts\/12493\/revisions\/12494"}],"wp:attachment":[{"href":"https:\/\/ecole-stjoseph-pontchateau.fr\/index.php?rest_route=%2Fwp%2Fv2%2Fmedia&parent=12493"}],"wp:term":[{"taxonomy":"category","embeddable":true,"href":"https:\/\/ecole-stjoseph-pontchateau.fr\/index.php?rest_route=%2Fwp%2Fv2%2Fcategories&post=12493"},{"taxonomy":"post_tag","embeddable":true,"href":"https:\/\/ecole-stjoseph-pontchateau.fr\/index.php?rest_route=%2Fwp%2Fv2%2Ftags&post=12493"}],"curies":[{"name":"wp","href":"https:\/\/api.w.org\/{rel}","templated":true}]}}