{"id":1383,"date":"2016-04-05T09:33:32","date_gmt":"2016-04-05T08:33:32","guid":{"rendered":"https:\/\/ecole-stjoseph-pontchateau.fr\/?p=1383"},"modified":"2016-04-05T09:34:00","modified_gmt":"2016-04-05T08:34:00","slug":"visite-de-la-mediatheque","status":"publish","type":"post","link":"https:\/\/ecole-stjoseph-pontchateau.fr\/?p=1383","title":{"rendered":"Visite de la M\u00e9diath\u00e8que"},"content":{"rendered":"<p>Au cours de la p\u00e9riode 4 (de F\u00e9vrier \u00e0 Mars), les \u00e9l\u00e8ves de l&rsquo;\u00e9cole Saint Joseph ont eu le bonheur de visiter la toute nouvelle M\u00e9diath\u00e8que de Pontch\u00e2teau.\u00a0R\u00e9partis en 2 groupes, ils ont ainsi pu prendre en main ce nouvel outil culurel gr\u00e2ce \u00e0 un parcours guid\u00e9 par les animatrices (Christelle et Adrienne)\u00a0et assister \u00e0 des d\u00e9monstrations sonores et visuelles dans l&rsquo;espace num\u00e9rique\u00a0anim\u00e9 par Marc. Un r\u00e9el plaisir partag\u00e9 par petits et grands!<\/p>\n<p><a href=\"https:\/\/ecole-stjoseph-pontchateau.fr\/wp-content\/uploads\/2016\/04\/IMG_0516.jpg\" rel=\"attachment wp-att-1399\"><img fetchpriority=\"high\" decoding=\"async\" class=\"alignnone size-medium wp-image-1399\" src=\"https:\/\/ecole-stjoseph-pontchateau.fr\/wp-content\/uploads\/2016\/04\/IMG_0516-300x225.jpg\" alt=\"IMG_0516\" width=\"300\" height=\"225\" srcset=\"https:\/\/ecole-stjoseph-pontchateau.fr\/wp-content\/uploads\/2016\/04\/IMG_0516-300x225.jpg 300w, https:\/\/ecole-stjoseph-pontchateau.fr\/wp-content\/uploads\/2016\/04\/IMG_0516-768x576.jpg 768w, https:\/\/ecole-stjoseph-pontchateau.fr\/wp-content\/uploads\/2016\/04\/IMG_0516-600x450.jpg 600w, https:\/\/ecole-stjoseph-pontchateau.fr\/wp-content\/uploads\/2016\/04\/IMG_0516.jpg 960w, https:\/\/ecole-stjoseph-pontchateau.fr\/wp-content\/uploads\/2016\/04\/IMG_0516-480x360.jpg 480w, https:\/\/ecole-stjoseph-pontchateau.fr\/wp-content\/uploads\/2016\/04\/IMG_0516-320x240.jpg 320w, https:\/\/ecole-stjoseph-pontchateau.fr\/wp-content\/uploads\/2016\/04\/IMG_0516-240x180.jpg 240w\" sizes=\"(max-width: 300px) 100vw, 300px\" \/><\/a><\/p>\n","protected":false},"excerpt":{"rendered":"<p>Au cours de la p\u00e9riode 4 (de F\u00e9vrier \u00e0 Mars), les \u00e9l\u00e8ves de l&rsquo;\u00e9cole Saint Joseph ont eu le bonheur de visiter la toute nouvelle M\u00e9diath\u00e8que de Pontch\u00e2teau.\u00a0R\u00e9partis en 2 groupes, ils ont ainsi pu prendre en main ce nouvel outil culurel gr\u00e2ce \u00e0 un parcours guid\u00e9 par les animatrices (Christelle et Adrienne)\u00a0et assister \u00e0<\/p>\n<p><a href=\"https:\/\/ecole-stjoseph-pontchateau.fr\/?p=1383\" class=\"more-link themebutton\">Lire la suite<\/a><\/p>\n","protected":false},"author":8,"featured_media":0,"comment_status":"closed","ping_status":"open","sticky":false,"template":"","format":"standard","meta":{"ngg_post_thumbnail":0,"footnotes":""},"categories":[6],"tags":[],"_links":{"self":[{"href":"https:\/\/ecole-stjoseph-pontchateau.fr\/index.php?rest_route=\/wp\/v2\/posts\/1383"}],"collection":[{"href":"https:\/\/ecole-stjoseph-pontchateau.fr\/index.php?rest_route=\/wp\/v2\/posts"}],"about":[{"href":"https:\/\/ecole-stjoseph-pontchateau.fr\/index.php?rest_route=\/wp\/v2\/types\/post"}],"author":[{"embeddable":true,"href":"https:\/\/ecole-stjoseph-pontchateau.fr\/index.php?rest_route=\/wp\/v2\/users\/8"}],"replies":[{"embeddable":true,"href":"https:\/\/ecole-stjoseph-pontchateau.fr\/index.php?rest_route=%2Fwp%2Fv2%2Fcomments&post=1383"}],"version-history":[{"count":0,"href":"https:\/\/ecole-stjoseph-pontchateau.fr\/index.php?rest_route=\/wp\/v2\/posts\/1383\/revisions"}],"wp:attachment":[{"href":"https:\/\/ecole-stjoseph-pontchateau.fr\/index.php?rest_route=%2Fwp%2Fv2%2Fmedia&parent=1383"}],"wp:term":[{"taxonomy":"category","embeddable":true,"href":"https:\/\/ecole-stjoseph-pontchateau.fr\/index.php?rest_route=%2Fwp%2Fv2%2Fcategories&post=1383"},{"taxonomy":"post_tag","embeddable":true,"href":"https:\/\/ecole-stjoseph-pontchateau.fr\/index.php?rest_route=%2Fwp%2Fv2%2Ftags&post=1383"}],"curies":[{"name":"wp","href":"https:\/\/api.w.org\/{rel}","templated":true}]}}