{"id":2112,"date":"2016-06-28T08:34:33","date_gmt":"2016-06-28T07:34:33","guid":{"rendered":"https:\/\/ecole-stjoseph-pontchateau.fr\/?p=2112"},"modified":"2016-07-01T07:58:47","modified_gmt":"2016-07-01T06:58:47","slug":"le-radome","status":"publish","type":"post","link":"https:\/\/ecole-stjoseph-pontchateau.fr\/?p=2112","title":{"rendered":"LE RADOME"},"content":{"rendered":"<p><a href=\"https:\/\/ecole-stjoseph-pontchateau.fr\/wp-content\/uploads\/2016\/06\/lisa.jpg\"><img fetchpriority=\"high\" decoding=\"async\" class=\"alignnone size-large wp-image-2117\" src=\"https:\/\/ecole-stjoseph-pontchateau.fr\/wp-content\/uploads\/2016\/06\/lisa-1024x576.jpg\" alt=\"lisa\" width=\"960\" height=\"540\" srcset=\"https:\/\/ecole-stjoseph-pontchateau.fr\/wp-content\/uploads\/2016\/06\/lisa-1024x576.jpg 1024w, https:\/\/ecole-stjoseph-pontchateau.fr\/wp-content\/uploads\/2016\/06\/lisa-300x169.jpg 300w, https:\/\/ecole-stjoseph-pontchateau.fr\/wp-content\/uploads\/2016\/06\/lisa-768x432.jpg 768w, https:\/\/ecole-stjoseph-pontchateau.fr\/wp-content\/uploads\/2016\/06\/lisa-600x337.jpg 600w, https:\/\/ecole-stjoseph-pontchateau.fr\/wp-content\/uploads\/2016\/06\/lisa.jpg 2048w\" sizes=\"(max-width: 960px) 100vw, 960px\" \/><\/a>Le rad\u00f4me a \u00e9t\u00e9 con\u00e7u pour prot\u00e9ger l\u2019antenne PB-1 qui avait une s\u0153ur Jumelle aux \u00c9tats \u2013 Unis ,PB \u2013 2 ,dans le but de retransmettre les premi\u00e8res images en direct des \u00c9tats \u2013Unis. La premi\u00e8re retransmission a eu lieu dans la nuit du 10 au 11 juillet 1962\u00a0.Le rad\u00f4me et son antenne sont maintenant uniques au monde car les \u00c9tats \u2013 Unis ont d\u00e9truit les leurs.<\/p>\n<p>Le rad\u00f4me et son antenne sont class\u00e9s \u00a0\u00bb patrimoine historique\u00a0\u00bb depuis l ann\u00e9e 2000. Nous allons parler maintenant du spectacle de son et lumi\u00e8re .<\/p>\n<p>Surtout, n\u2019h\u00e9sitez pas a y aller ! Ce spectacle vous parlera de l\u2019histoire du rad\u00f4me,<a href=\"https:\/\/ecole-stjoseph-pontchateau.fr\/wp-content\/uploads\/2016\/06\/20160621_150804.jpg\"><img decoding=\"async\" class=\"size-medium wp-image-2168 aligncenter\" src=\"https:\/\/ecole-stjoseph-pontchateau.fr\/wp-content\/uploads\/2016\/06\/20160621_150804-300x169.jpg\" alt=\"20160621_150804\" width=\"300\" height=\"169\" srcset=\"https:\/\/ecole-stjoseph-pontchateau.fr\/wp-content\/uploads\/2016\/06\/20160621_150804-300x169.jpg 300w, https:\/\/ecole-stjoseph-pontchateau.fr\/wp-content\/uploads\/2016\/06\/20160621_150804-768x432.jpg 768w, https:\/\/ecole-stjoseph-pontchateau.fr\/wp-content\/uploads\/2016\/06\/20160621_150804-1024x576.jpg 1024w, https:\/\/ecole-stjoseph-pontchateau.fr\/wp-content\/uploads\/2016\/06\/20160621_150804-600x338.jpg 600w, https:\/\/ecole-stjoseph-pontchateau.fr\/wp-content\/uploads\/2016\/06\/20160621_150804.jpg 2048w\" sizes=\"(max-width: 300px) 100vw, 300px\" \/><\/a>\u00a0des premi\u00e8res images retransmises \u00e0 la t\u00e9l\u00e9vision des \u00c9tats \u2013 Unis par le satellite Telstar qui \u00e9tait reli\u00e9 aux deux antennes. Le son, les lumi\u00e8res et les vid\u00e9os, vous aideront \u00e0 mieux comprendre son histoire. Le son\u00a0: ce sont des voix de personnes qui sont dans l\u2019antenne.<\/p>\n<p>Les lumi\u00e8res montrent les parties de l\u2019antenne dont on parle \u00e0 ce moment l\u00e0. Les vid\u00e9os parlent du rad\u00f4me et bien \u00e9videmment de son histoire\u00a0!<\/p>\n<p>En vous souhaitant une bonne visite de la cit\u00e9 des t\u00e9l\u00e9coms\u00a0!<\/p>\n<p>Opinions:<\/p>\n<p><span style=\"color: #000000;\">Lisa<\/span> :Moi j&rsquo;ai ador\u00e9 le spectacle du rad\u00f4me et de son antenne avec le jeu de son et de lumi\u00e8res.<\/p>\n<p>Ywen et Lisa<\/p>\n<p>&nbsp;<\/p>\n","protected":false},"excerpt":{"rendered":"<p>Le rad\u00f4me a \u00e9t\u00e9 con\u00e7u pour prot\u00e9ger l\u2019antenne PB-1 qui avait une s\u0153ur Jumelle aux \u00c9tats \u2013 Unis ,PB \u2013 2 ,dans le but de retransmettre les premi\u00e8res images en direct des \u00c9tats \u2013Unis. La premi\u00e8re retransmission a eu lieu dans la nuit du 10 au 11 juillet 1962\u00a0.Le rad\u00f4me et son antenne sont maintenant<\/p>\n<p><a href=\"https:\/\/ecole-stjoseph-pontchateau.fr\/?p=2112\" class=\"more-link themebutton\">Lire la suite<\/a><\/p>\n","protected":false},"author":10,"featured_media":0,"comment_status":"closed","ping_status":"open","sticky":false,"template":"","format":"standard","meta":{"ngg_post_thumbnail":0,"footnotes":""},"categories":[6],"tags":[],"_links":{"self":[{"href":"https:\/\/ecole-stjoseph-pontchateau.fr\/index.php?rest_route=\/wp\/v2\/posts\/2112"}],"collection":[{"href":"https:\/\/ecole-stjoseph-pontchateau.fr\/index.php?rest_route=\/wp\/v2\/posts"}],"about":[{"href":"https:\/\/ecole-stjoseph-pontchateau.fr\/index.php?rest_route=\/wp\/v2\/types\/post"}],"author":[{"embeddable":true,"href":"https:\/\/ecole-stjoseph-pontchateau.fr\/index.php?rest_route=\/wp\/v2\/users\/10"}],"replies":[{"embeddable":true,"href":"https:\/\/ecole-stjoseph-pontchateau.fr\/index.php?rest_route=%2Fwp%2Fv2%2Fcomments&post=2112"}],"version-history":[{"count":0,"href":"https:\/\/ecole-stjoseph-pontchateau.fr\/index.php?rest_route=\/wp\/v2\/posts\/2112\/revisions"}],"wp:attachment":[{"href":"https:\/\/ecole-stjoseph-pontchateau.fr\/index.php?rest_route=%2Fwp%2Fv2%2Fmedia&parent=2112"}],"wp:term":[{"taxonomy":"category","embeddable":true,"href":"https:\/\/ecole-stjoseph-pontchateau.fr\/index.php?rest_route=%2Fwp%2Fv2%2Fcategories&post=2112"},{"taxonomy":"post_tag","embeddable":true,"href":"https:\/\/ecole-stjoseph-pontchateau.fr\/index.php?rest_route=%2Fwp%2Fv2%2Ftags&post=2112"}],"curies":[{"name":"wp","href":"https:\/\/api.w.org\/{rel}","templated":true}]}}