{"id":221,"date":"2015-02-24T18:33:29","date_gmt":"2015-02-24T17:33:29","guid":{"rendered":"https:\/\/ecole-stjoseph-pontchateau.fr\/?p=221"},"modified":"2015-02-24T18:33:29","modified_gmt":"2015-02-24T17:33:29","slug":"article-de-presse-cm1cm2","status":"publish","type":"post","link":"https:\/\/ecole-stjoseph-pontchateau.fr\/?p=221","title":{"rendered":"Article de presse cm1\/cm2"},"content":{"rendered":"<p style=\"text-align: left\">Les cm1\/cm2 ont travaill\u00e9 sur la presse, des \u00e9l\u00e8ves ont r\u00e9dig\u00e9 un article sur les nouveaut\u00e9s de l&rsquo;\u00e9cole: les changements de rythmes scolaires, les TAP&#8230;<!--more-->LES TAP<br \/>\nMaintenant qu\u2019il y a \u00e9cole le mercredi matin \u00e0 l\u2019\u00e9cole St Joseph pour les primaires, les maternelles ne sont eux pas oblig\u00e9s d\u2019aller \u00e0 l\u2019\u00e9cole .Mais dans d\u2019autres \u00e9coles ; les maternelles y vont .Venez d\u00e9couvrir les TAP :<br \/>\nLES TAP DU MIDI<br \/>\nAvec les nouveaux rythmes scolaires des TAP sont organis\u00e9s notamment dans l\u2019heure de midi.<br \/>\nQuelques enfants ont \u00e9t\u00e9 interview\u00e9s sur les TAP de l\u2019apr\u00e8s-midi :<br \/>\n&#8211; \u00ab On prend trop de temps \u00e0 faire les groupes (F\u00e9lix CM2)<br \/>\n&#8211; Quelques activit\u00e9s sont bien mais peuvent s\u2019am\u00e9liorer : par exemple pour la maquette on aurait pu faire une vraie maquette (Laur\u00e8ne CM2)<br \/>\n&#8211; C\u2019est mieux qu\u2019avant car avant on s\u2019ennuyait (Eglantine CM1). \u00bb<br \/>\nLES TAP DE L\u2019APRES MIDI<br \/>\nApr\u00e8s les TAP de l\u2019heure de midi, je vais vous parler des TAP de l\u2019apr\u00e8s-midi .Chaque semaine chaque classe passe un apr\u00e8s-midi au TAP .Les horaires sont 14h35 \u00e016h35 .Il y a plusieurs activit\u00e9s exemple : sport, batucada, maquette de la ville \u2026<br \/>\n\u00ab &#8211; Comment trouvez-vous les TAP de l\u2019apr\u00e8s-midi ?<br \/>\n&#8211; C\u2019est bien car maintenant on a la semaine \u00e0 5 jours (Iris CM2)<br \/>\n&#8211; C\u2019est bien car nous avons un temps libre l\u2019apr\u00e8s-midi (Cl\u00e9ment CM1). \u00bb<\/p>\n<p>&nbsp;<\/p>\n","protected":false},"excerpt":{"rendered":"<p>Les cm1\/cm2 ont travaill\u00e9 sur la presse, des \u00e9l\u00e8ves ont r\u00e9dig\u00e9 un article sur les nouveaut\u00e9s de l&rsquo;\u00e9cole: les changements de rythmes scolaires, les TAP&#8230;<\/p>\n","protected":false},"author":4,"featured_media":0,"comment_status":"closed","ping_status":"open","sticky":false,"template":"","format":"standard","meta":{"ngg_post_thumbnail":0,"footnotes":""},"categories":[6],"tags":[],"_links":{"self":[{"href":"https:\/\/ecole-stjoseph-pontchateau.fr\/index.php?rest_route=\/wp\/v2\/posts\/221"}],"collection":[{"href":"https:\/\/ecole-stjoseph-pontchateau.fr\/index.php?rest_route=\/wp\/v2\/posts"}],"about":[{"href":"https:\/\/ecole-stjoseph-pontchateau.fr\/index.php?rest_route=\/wp\/v2\/types\/post"}],"author":[{"embeddable":true,"href":"https:\/\/ecole-stjoseph-pontchateau.fr\/index.php?rest_route=\/wp\/v2\/users\/4"}],"replies":[{"embeddable":true,"href":"https:\/\/ecole-stjoseph-pontchateau.fr\/index.php?rest_route=%2Fwp%2Fv2%2Fcomments&post=221"}],"version-history":[{"count":0,"href":"https:\/\/ecole-stjoseph-pontchateau.fr\/index.php?rest_route=\/wp\/v2\/posts\/221\/revisions"}],"wp:attachment":[{"href":"https:\/\/ecole-stjoseph-pontchateau.fr\/index.php?rest_route=%2Fwp%2Fv2%2Fmedia&parent=221"}],"wp:term":[{"taxonomy":"category","embeddable":true,"href":"https:\/\/ecole-stjoseph-pontchateau.fr\/index.php?rest_route=%2Fwp%2Fv2%2Fcategories&post=221"},{"taxonomy":"post_tag","embeddable":true,"href":"https:\/\/ecole-stjoseph-pontchateau.fr\/index.php?rest_route=%2Fwp%2Fv2%2Ftags&post=221"}],"curies":[{"name":"wp","href":"https:\/\/api.w.org\/{rel}","templated":true}]}}