{"id":28,"date":"2014-07-02T09:56:58","date_gmt":"2014-07-02T08:56:58","guid":{"rendered":"https:\/\/ecole-stjoseph-pontchateau.fr\/?p=28"},"modified":"2014-07-02T10:56:25","modified_gmt":"2014-07-02T09:56:25","slug":"preparation-et-sortie-defi-velo-cm2","status":"publish","type":"post","link":"https:\/\/ecole-stjoseph-pontchateau.fr\/?p=28","title":{"rendered":"Pr\u00e9paration et sortie \u00ab\u00a0D\u00e9fi-V\u00e9lo\u00a0\u00bb CM2"},"content":{"rendered":"<p>Afin de pr\u00e9parer au mieux la sortie \u00ab\u00a0D\u00e9fi V\u00e9lo\u00a0\u00bb du mardi 1er Juillet, les \u00e9l\u00e8ves de CM2A,B,C ont particip\u00e9 \u00e0 divers modules :<!--more--><\/p>\n<ul>\n<li>\u00a0S\u00e9curit\u00e9 routi\u00e8re, avec apprentissage th\u00e9orique sur les \u00e9l\u00e9ments de s\u00e9curit\u00e9 : port du casque, v\u00e9rification du v\u00e9lo, les priorit\u00e9s dans les croisements.<\/li>\n<li>Ma\u00eetrise du v\u00e9lo : dext\u00e9rit\u00e9, et passage du permis v\u00e9lo le\u00a0 mardi 17Juin au Landas.<\/li>\n<li>L&rsquo;utilisation de carte IGN, pour rep\u00e9rer les diff\u00e9rents points du parcours ( pause, lieu du pique-nique), estimer la distance r\u00e9elle avec l&rsquo;\u00e9chelle de la carte et estimer le temps de parcours.<a href=\"https:\/\/ecole-stjoseph-pontchateau.fr\/wp-content\/uploads\/2014\/07\/1314cm2_defiv\u00e9lo.jpg\"><img fetchpriority=\"high\" decoding=\"async\" class=\"aligncenter wp-image-54 size-medium\" src=\"https:\/\/ecole-stjoseph-pontchateau.fr\/wp-content\/uploads\/2014\/07\/1314cm2_defiv\u00e9lo-300x225.jpg\" alt=\"1314cm2_defiv\u00e9lo\" width=\"300\" height=\"225\" srcset=\"https:\/\/ecole-stjoseph-pontchateau.fr\/wp-content\/uploads\/2014\/07\/1314cm2_defiv\u00e9lo-300x225.jpg 300w, https:\/\/ecole-stjoseph-pontchateau.fr\/wp-content\/uploads\/2014\/07\/1314cm2_defiv\u00e9lo-600x450.jpg 600w, https:\/\/ecole-stjoseph-pontchateau.fr\/wp-content\/uploads\/2014\/07\/1314cm2_defiv\u00e9lo.jpg 1024w\" sizes=\"(max-width: 300px) 100vw, 300px\" \/><\/a><\/li>\n<li>Le jeudi 26 Juin, Laurent est venu nous expliquer les derniers \u00e9l\u00e9ments de s\u00e9curit\u00e9.<\/li>\n<li>Mardi 1er Juillet, les enfants \u00e9taient pr\u00eats et ont parcouru les 24km s\u00e9parant Guenro\u00fcet de Blain, nous les f\u00e9licitons.<\/li>\n<\/ul>\n<p>Nous remercions les 21 parents b\u00e9n\u00e9voles ayant r\u00e9pondu pr\u00e9sents pour aider ce jour l\u00e0.<\/p>\n<p>&nbsp;<\/p>\n<p>&nbsp;<\/p>\n","protected":false},"excerpt":{"rendered":"<p>Afin de pr\u00e9parer au mieux la sortie \u00ab\u00a0D\u00e9fi V\u00e9lo\u00a0\u00bb du mardi 1er Juillet, les \u00e9l\u00e8ves de CM2A,B,C ont particip\u00e9 \u00e0 divers modules :<\/p>\n","protected":false},"author":10,"featured_media":0,"comment_status":"closed","ping_status":"open","sticky":false,"template":"","format":"standard","meta":{"ngg_post_thumbnail":0,"footnotes":""},"categories":[6],"tags":[12,10],"_links":{"self":[{"href":"https:\/\/ecole-stjoseph-pontchateau.fr\/index.php?rest_route=\/wp\/v2\/posts\/28"}],"collection":[{"href":"https:\/\/ecole-stjoseph-pontchateau.fr\/index.php?rest_route=\/wp\/v2\/posts"}],"about":[{"href":"https:\/\/ecole-stjoseph-pontchateau.fr\/index.php?rest_route=\/wp\/v2\/types\/post"}],"author":[{"embeddable":true,"href":"https:\/\/ecole-stjoseph-pontchateau.fr\/index.php?rest_route=\/wp\/v2\/users\/10"}],"replies":[{"embeddable":true,"href":"https:\/\/ecole-stjoseph-pontchateau.fr\/index.php?rest_route=%2Fwp%2Fv2%2Fcomments&post=28"}],"version-history":[{"count":0,"href":"https:\/\/ecole-stjoseph-pontchateau.fr\/index.php?rest_route=\/wp\/v2\/posts\/28\/revisions"}],"wp:attachment":[{"href":"https:\/\/ecole-stjoseph-pontchateau.fr\/index.php?rest_route=%2Fwp%2Fv2%2Fmedia&parent=28"}],"wp:term":[{"taxonomy":"category","embeddable":true,"href":"https:\/\/ecole-stjoseph-pontchateau.fr\/index.php?rest_route=%2Fwp%2Fv2%2Fcategories&post=28"},{"taxonomy":"post_tag","embeddable":true,"href":"https:\/\/ecole-stjoseph-pontchateau.fr\/index.php?rest_route=%2Fwp%2Fv2%2Ftags&post=28"}],"curies":[{"name":"wp","href":"https:\/\/api.w.org\/{rel}","templated":true}]}}