{"id":3773,"date":"2017-11-27T11:59:36","date_gmt":"2017-11-27T09:59:36","guid":{"rendered":"https:\/\/ecole-stjoseph-pontchateau.fr\/?p=3773"},"modified":"2023-01-31T10:09:57","modified_gmt":"2023-01-31T09:09:57","slug":"lapel-a-st-joseph-qui-sommes-nous","status":"publish","type":"post","link":"https:\/\/ecole-stjoseph-pontchateau.fr\/?p=3773","title":{"rendered":"L&rsquo;APEL \u00e0 St Joseph: qui sommes nous."},"content":{"rendered":"<p><span style=\"color: #000080;\"><strong>L\u2019Association de Parents d\u2019\u00e9l\u00e8ves de l\u2019Enseignement Libre &#8211; APEL<\/strong><\/span><\/p>\n<p>L\u2019APEL, Association des Parents d\u2019\u00e9l\u00e8ves de l\u2019Enseignement Libre, c\u2019est avant tout une \u00e9quipe de parents b\u00e9n\u00e9voles qui mettent \u00e0 disposition de l&rsquo;\u00e9cole leurs comp\u00e9tences, talents, enthousiasme, et disponibilit\u00e9.<\/p>\n<p>L\u2019APEL repr\u00e9sente les parents aupr\u00e8s de la Direction de l\u2019\u00e9cole, des enseignants, du personnel de l\u2019\u00e9cole, \u2026<br \/>\nNous travaillons en relation avec l\u2019organisme de gestion de l\u2019\u00e9cole (OGEC).<\/p>\n<p><strong><em>NOS OBJECTIFS<\/em><\/strong><\/p>\n<p>Nous avons pour missions principales :<br \/>\n&#8211; D\u2019accueillir et \u00eatre \u00e0 l\u2019\u00e9coute des nouveaux parents<br \/>\n&#8211; Faire la liaison entre parents-enseignants<br \/>\n&#8211; Animer et organiser des activit\u00e9s et manifestations afin de recueillir des fonds qui auront pour but d\u2019am\u00e9liorer le cadre de vie de nos enfants au sein de notre \u00e9cole.<\/p>\n<p><span style=\"color: #333399;\">Nos exemples d\u2019actions :<\/span><\/p>\n<p>&#8211; Caf\u00e9 de rentr\u00e9e<br \/>\n&#8211; Vide grenier<br \/>\n&#8211; Lotos<br \/>\n&#8211; Vente de g\u00e2teaux \u00ab Bijou \u00bb<br \/>\n&#8211; Vente de chocolats (No\u00ebl \/ P\u00e2ques)<br \/>\n&#8211; Vente de cl\u00e9s USB<br \/>\n&#8211; Organisation de conf\u00e9rences sur la parentalit\u00e9, \u2026<\/p>\n<p>Et nous sommes ouverts \u00e0 toutes les nouvelles id\u00e9es !<\/p>\n<p>Exemple de nos soutiens financiers aupr\u00e8s de l\u2019\u00e9cole :<\/p>\n<p>&#8211; Prise en charge des cours d\u2019anglais<br \/>\n&#8211; Participation aux sorties de fin d\u2019ann\u00e9e<br \/>\n&#8211; Participation au voyage scolaire<br \/>\n&#8211; Cadeau de fin d\u2019ann\u00e9e pour les CM2<br \/>\n&#8211; Remise d\u2019un cadeau de No\u00ebl \u00e0 chaque enfant<\/p>\n<p><em><strong>Qui peut \u00eatre membre de l\u2019APEL:<\/strong><\/em><\/p>\n<p>Tous parents d\u2019\u00e9l\u00e8ves peuvent faire partie de l\u2019APEL. Il faut juste cotiser \u00e0 la cotisation APEL locale de 6.50 euros.<br \/>\nUn bureau est \u00e9lu chaque ann\u00e9e \u00e0 l\u2019issue de l\u2019assembl\u00e9e g\u00e9n\u00e9rale o\u00f9 seront \u00e9galement pr\u00e9sent\u00e9s les comptes et les actions qui ont pu \u00eatre mises en place lors de l\u2019ann\u00e9e scolaire pr\u00e9c\u00e9dente.<br \/>\nL\u2019adh\u00e9sion \u00e0 l\u2019APEL n\u2019implique en aucun cas de participer \u00e0 toutes les r\u00e9unions mais simplement, en fonction des disponibilit\u00e9s de chacun, de consacrer dans l\u2019ann\u00e9e quelques heures aux manifestations organis\u00e9es ou d\u2019apporter des id\u00e9es nouvelles \u00e0 mettre en place.<br \/>\nUne r\u00e9union avec tous les b\u00e9n\u00e9voles de l\u2019APEL disponibles a lieu tous les mois afin d\u2019\u00e9changer sur l\u2019actualit\u00e9 de l\u2019\u00e9cole, les actions \u00e0 mettre en place,&#8230;<\/p>\n<p><span style=\"color: #333399;\">Les membres de l\u2019APEL<\/span><\/p>\n<p>Bureau jusqu\u2019\u00e0 l\u2019AG du lundi 13 Novembre prochain<br \/>\nPr\u00e9sidente Sol\u00e8ne CHATELLIER (maman de Alessio GS et Loris CM2)<br \/>\nVice pr\u00e9sidente Am\u00e9lie POUIVET (maman de Lucas et Robin CE1)<br \/>\nSecr\u00e9taire Gwena\u00ebll BUISSON (maman de Marcus CE1 et Lonis CM2)<br \/>\nVice secr\u00e9taire Anne KERGOSIEN (maman de Violette CE2)<br \/>\nTr\u00e9sori\u00e8re Amandine CORBE (maman de Marceau PS et Tim\u00e9o CE1)<br \/>\nVice tr\u00e9sori\u00e8re Aur\u00e9lie LE MENE (maman de Thomas CP et Elias CM1)<\/p>\n<p><em><strong>Membres :<\/strong><\/em><\/p>\n<p>Anne-Sophie JUHEL (maman de Yuna MS et Lylou CM1) \u2013 Aur\u00e9lie TANNEAU (maman de Alexis PS, Lucas CE2 et Jules CM2) \u2013 Blandine CRIAUD (maman de Mat\u00e9o GS et Manon CM2) \u2013 B\u00e9atrice GUILLEUX (maman d\u2019Arthur CM2) \u2013 B\u00e9atrice BACHELIER (maman de L\u00e9vi CE1 et Hugo CE2) \u2013 Caroline FOURNIER (maman de Gwendal en CP et Jenna en CE2) \u2013 Sandrine GRANDPIERRE (maman de Capucine GS) \u2013 St\u00e9phanie DUBOIS (maman de Lilwen CE2) \u2013 Virginie SERENNE (maman de Laura PS et Kelian CE1) \u2013 Isabel Perrais (maman de Auguste CM1) \u2013 Angelina LABOUR (maman de Tino CM1) \u2013 C\u00e9cile JOUET (maman de Paul CP et Charline CE2) \u2013 Aur\u00e9lie PESME (maman de Lorelay PS) \u2013 C\u00e9line MARY (maman de Mathilde PS et Margaux GS)<\/p>\n<p>PHOTO &#x1f60a;<\/p>\n<p>Vous souhaitez plus d\u2019informations ou bien nous rejoindre n\u2019h\u00e9sitez pas \u00e0 nous contacter par le biais de l\u2019\u00e9cole.<\/p>\n","protected":false},"excerpt":{"rendered":"<p>L\u2019Association de Parents d\u2019\u00e9l\u00e8ves de l\u2019Enseignement Libre &#8211; APEL L\u2019APEL, Association des Parents d\u2019\u00e9l\u00e8ves de l\u2019Enseignement Libre, c\u2019est avant tout une \u00e9quipe de parents b\u00e9n\u00e9voles qui mettent \u00e0 disposition de l&rsquo;\u00e9cole leurs comp\u00e9tences, talents, enthousiasme, et disponibilit\u00e9. L\u2019APEL repr\u00e9sente les parents aupr\u00e8s de la Direction de l\u2019\u00e9cole, des enseignants, du personnel de l\u2019\u00e9cole, \u2026 Nous<\/p>\n<p><a href=\"https:\/\/ecole-stjoseph-pontchateau.fr\/?p=3773\" class=\"more-link themebutton\">Lire la suite<\/a><\/p>\n","protected":false},"author":26,"featured_media":0,"comment_status":"closed","ping_status":"open","sticky":false,"template":"","format":"standard","meta":{"ngg_post_thumbnail":0,"footnotes":""},"categories":[70],"tags":[],"_links":{"self":[{"href":"https:\/\/ecole-stjoseph-pontchateau.fr\/index.php?rest_route=\/wp\/v2\/posts\/3773"}],"collection":[{"href":"https:\/\/ecole-stjoseph-pontchateau.fr\/index.php?rest_route=\/wp\/v2\/posts"}],"about":[{"href":"https:\/\/ecole-stjoseph-pontchateau.fr\/index.php?rest_route=\/wp\/v2\/types\/post"}],"author":[{"embeddable":true,"href":"https:\/\/ecole-stjoseph-pontchateau.fr\/index.php?rest_route=\/wp\/v2\/users\/26"}],"replies":[{"embeddable":true,"href":"https:\/\/ecole-stjoseph-pontchateau.fr\/index.php?rest_route=%2Fwp%2Fv2%2Fcomments&post=3773"}],"version-history":[{"count":1,"href":"https:\/\/ecole-stjoseph-pontchateau.fr\/index.php?rest_route=\/wp\/v2\/posts\/3773\/revisions"}],"predecessor-version":[{"id":11318,"href":"https:\/\/ecole-stjoseph-pontchateau.fr\/index.php?rest_route=\/wp\/v2\/posts\/3773\/revisions\/11318"}],"wp:attachment":[{"href":"https:\/\/ecole-stjoseph-pontchateau.fr\/index.php?rest_route=%2Fwp%2Fv2%2Fmedia&parent=3773"}],"wp:term":[{"taxonomy":"category","embeddable":true,"href":"https:\/\/ecole-stjoseph-pontchateau.fr\/index.php?rest_route=%2Fwp%2Fv2%2Fcategories&post=3773"},{"taxonomy":"post_tag","embeddable":true,"href":"https:\/\/ecole-stjoseph-pontchateau.fr\/index.php?rest_route=%2Fwp%2Fv2%2Ftags&post=3773"}],"curies":[{"name":"wp","href":"https:\/\/api.w.org\/{rel}","templated":true}]}}