{"id":4065,"date":"2018-02-04T20:20:06","date_gmt":"2018-02-04T18:20:06","guid":{"rendered":"https:\/\/ecole-stjoseph-pontchateau.fr\/?p=4065"},"modified":"2018-02-04T20:20:06","modified_gmt":"2018-02-04T18:20:06","slug":"parcours-sur-le-conte-hansel-et-gretel","status":"publish","type":"post","link":"https:\/\/ecole-stjoseph-pontchateau.fr\/?p=4065","title":{"rendered":"Parcours sur le conte \u00ab\u00a0Hansel et Gretel\u00a0\u00bb"},"content":{"rendered":"<p>Les enfants ont particip\u00e9 \u00e0 une animation sur le conte \u00ab\u00a0Hansel et Gretel\u00a0\u00bb \u00e0 la m\u00e9diath\u00e8que. Lors de la premi\u00e8re s\u00e9ance, l\u2019animatrice leur a lu le conte. Ils ont ensuite rang\u00e9 les illustrations de ce conte dans l\u2019ordre chronologique des \u00e9v\u00e9nements de l\u2019histoire.<\/p>\n<p><a href=\"https:\/\/ecole-stjoseph-pontchateau.fr\/wp-content\/uploads\/2018\/02\/h-et-g.jpg\"><img fetchpriority=\"high\" decoding=\"async\" class=\"alignleft size-medium wp-image-4067\" src=\"https:\/\/ecole-stjoseph-pontchateau.fr\/wp-content\/uploads\/2018\/02\/h-et-g-300x168.jpg\" alt=\"\" width=\"300\" height=\"168\" srcset=\"https:\/\/ecole-stjoseph-pontchateau.fr\/wp-content\/uploads\/2018\/02\/h-et-g-300x168.jpg 300w, https:\/\/ecole-stjoseph-pontchateau.fr\/wp-content\/uploads\/2018\/02\/h-et-g-768x431.jpg 768w, https:\/\/ecole-stjoseph-pontchateau.fr\/wp-content\/uploads\/2018\/02\/h-et-g-1024x575.jpg 1024w, https:\/\/ecole-stjoseph-pontchateau.fr\/wp-content\/uploads\/2018\/02\/h-et-g-600x337.jpg 600w, https:\/\/ecole-stjoseph-pontchateau.fr\/wp-content\/uploads\/2018\/02\/h-et-g.jpg 1632w\" sizes=\"(max-width: 300px) 100vw, 300px\" \/><\/a><a href=\"https:\/\/ecole-stjoseph-pontchateau.fr\/wp-content\/uploads\/2018\/02\/h-et-g-2.jpg\"><img decoding=\"async\" class=\"alignleft size-medium wp-image-4066\" src=\"https:\/\/ecole-stjoseph-pontchateau.fr\/wp-content\/uploads\/2018\/02\/h-et-g-2-300x168.jpg\" alt=\"\" width=\"300\" height=\"168\" srcset=\"https:\/\/ecole-stjoseph-pontchateau.fr\/wp-content\/uploads\/2018\/02\/h-et-g-2-300x168.jpg 300w, https:\/\/ecole-stjoseph-pontchateau.fr\/wp-content\/uploads\/2018\/02\/h-et-g-2-768x431.jpg 768w, https:\/\/ecole-stjoseph-pontchateau.fr\/wp-content\/uploads\/2018\/02\/h-et-g-2-1024x575.jpg 1024w, https:\/\/ecole-stjoseph-pontchateau.fr\/wp-content\/uploads\/2018\/02\/h-et-g-2-600x337.jpg 600w, https:\/\/ecole-stjoseph-pontchateau.fr\/wp-content\/uploads\/2018\/02\/h-et-g-2.jpg 1632w\" sizes=\"(max-width: 300px) 100vw, 300px\" \/><\/a><\/p>\n<p>&nbsp;<\/p>\n<p>&nbsp;<\/p>\n<p>&nbsp;<\/p>\n<p>&nbsp;<\/p>\n<p>&nbsp;<\/p>\n<p>Lors de la deuxi\u00e8me s\u00e9ance, l\u2019animatrice a pr\u00e9sent\u00e9 aux enfants diff\u00e9rentes versions de ce conte.\u00a0 A l\u2019aide de la couverture de chaque livre, ils devaient associer les illustrations de quelques passages-cl\u00e9s de l&rsquo;histoire \u00e0 la version correspondante.<\/p>\n<p><a href=\"https:\/\/ecole-stjoseph-pontchateau.fr\/wp-content\/uploads\/2018\/02\/h-et-g1.jpg\"><img decoding=\"async\" class=\"alignleft size-medium wp-image-4068\" src=\"https:\/\/ecole-stjoseph-pontchateau.fr\/wp-content\/uploads\/2018\/02\/h-et-g1-300x168.jpg\" alt=\"\" width=\"300\" height=\"168\" srcset=\"https:\/\/ecole-stjoseph-pontchateau.fr\/wp-content\/uploads\/2018\/02\/h-et-g1-300x168.jpg 300w, https:\/\/ecole-stjoseph-pontchateau.fr\/wp-content\/uploads\/2018\/02\/h-et-g1-768x431.jpg 768w, https:\/\/ecole-stjoseph-pontchateau.fr\/wp-content\/uploads\/2018\/02\/h-et-g1-1024x575.jpg 1024w, https:\/\/ecole-stjoseph-pontchateau.fr\/wp-content\/uploads\/2018\/02\/h-et-g1-600x337.jpg 600w, https:\/\/ecole-stjoseph-pontchateau.fr\/wp-content\/uploads\/2018\/02\/h-et-g1.jpg 1632w\" sizes=\"(max-width: 300px) 100vw, 300px\" \/><\/a><a href=\"https:\/\/ecole-stjoseph-pontchateau.fr\/wp-content\/uploads\/2018\/02\/h-et-g-3.jpg\"><img loading=\"lazy\" decoding=\"async\" class=\"alignleft size-medium wp-image-4070\" src=\"https:\/\/ecole-stjoseph-pontchateau.fr\/wp-content\/uploads\/2018\/02\/h-et-g-3-300x168.jpg\" alt=\"\" width=\"300\" height=\"168\" srcset=\"https:\/\/ecole-stjoseph-pontchateau.fr\/wp-content\/uploads\/2018\/02\/h-et-g-3-300x168.jpg 300w, https:\/\/ecole-stjoseph-pontchateau.fr\/wp-content\/uploads\/2018\/02\/h-et-g-3-768x431.jpg 768w, https:\/\/ecole-stjoseph-pontchateau.fr\/wp-content\/uploads\/2018\/02\/h-et-g-3-1024x575.jpg 1024w, https:\/\/ecole-stjoseph-pontchateau.fr\/wp-content\/uploads\/2018\/02\/h-et-g-3-600x337.jpg 600w, https:\/\/ecole-stjoseph-pontchateau.fr\/wp-content\/uploads\/2018\/02\/h-et-g-3.jpg 1632w\" sizes=\"(max-width: 300px) 100vw, 300px\" \/><\/a><\/p>\n<p><img loading=\"lazy\" decoding=\"async\" class=\"size-medium wp-image-4069 aligncenter\" src=\"https:\/\/ecole-stjoseph-pontchateau.fr\/wp-content\/uploads\/2018\/02\/h-et-g-4-300x168.jpg\" alt=\"\" width=\"300\" height=\"168\" srcset=\"https:\/\/ecole-stjoseph-pontchateau.fr\/wp-content\/uploads\/2018\/02\/h-et-g-4-300x168.jpg 300w, https:\/\/ecole-stjoseph-pontchateau.fr\/wp-content\/uploads\/2018\/02\/h-et-g-4-768x431.jpg 768w, https:\/\/ecole-stjoseph-pontchateau.fr\/wp-content\/uploads\/2018\/02\/h-et-g-4-1024x575.jpg 1024w, https:\/\/ecole-stjoseph-pontchateau.fr\/wp-content\/uploads\/2018\/02\/h-et-g-4-600x337.jpg 600w, https:\/\/ecole-stjoseph-pontchateau.fr\/wp-content\/uploads\/2018\/02\/h-et-g-4.jpg 1632w\" sizes=\"(max-width: 300px) 100vw, 300px\" \/><\/p>\n<p>&nbsp;<\/p>\n<p>Les enfants ont aussi assist\u00e9 au spectacle musical du conte \u00ab\u00a0Hansel et Gretel\u00a0\u00bb pr\u00e9sent\u00e9 par Le Collectif Cubique \u00e0 la salle du Carr\u00e9 d\u2019Argent.<\/p>\n<p><a href=\"https:\/\/ecole-stjoseph-pontchateau.fr\/wp-content\/uploads\/2018\/02\/ce1-hansel.jpg\"><img loading=\"lazy\" decoding=\"async\" class=\"alignleft size-medium wp-image-4071\" src=\"https:\/\/ecole-stjoseph-pontchateau.fr\/wp-content\/uploads\/2018\/02\/ce1-hansel-300x168.jpg\" alt=\"\" width=\"300\" height=\"168\" srcset=\"https:\/\/ecole-stjoseph-pontchateau.fr\/wp-content\/uploads\/2018\/02\/ce1-hansel-300x168.jpg 300w, https:\/\/ecole-stjoseph-pontchateau.fr\/wp-content\/uploads\/2018\/02\/ce1-hansel-768x431.jpg 768w, https:\/\/ecole-stjoseph-pontchateau.fr\/wp-content\/uploads\/2018\/02\/ce1-hansel-1024x575.jpg 1024w, https:\/\/ecole-stjoseph-pontchateau.fr\/wp-content\/uploads\/2018\/02\/ce1-hansel-600x337.jpg 600w, https:\/\/ecole-stjoseph-pontchateau.fr\/wp-content\/uploads\/2018\/02\/ce1-hansel.jpg 1632w\" sizes=\"(max-width: 300px) 100vw, 300px\" \/><\/a><\/p>\n","protected":false},"excerpt":{"rendered":"<p>Les enfants ont particip\u00e9 \u00e0 une animation sur le conte \u00ab\u00a0Hansel et Gretel\u00a0\u00bb \u00e0 la m\u00e9diath\u00e8que. Lors de la premi\u00e8re s\u00e9ance, l\u2019animatrice leur a lu le conte. Ils ont ensuite rang\u00e9 les illustrations de ce conte dans l\u2019ordre chronologique des \u00e9v\u00e9nements de l\u2019histoire. &nbsp; &nbsp; &nbsp; &nbsp; &nbsp; Lors de la deuxi\u00e8me s\u00e9ance, l\u2019animatrice a<\/p>\n<p><a href=\"https:\/\/ecole-stjoseph-pontchateau.fr\/?p=4065\" class=\"more-link themebutton\">Lire la suite<\/a><\/p>\n","protected":false},"author":20,"featured_media":0,"comment_status":"closed","ping_status":"open","sticky":false,"template":"","format":"standard","meta":{"ngg_post_thumbnail":0,"footnotes":""},"categories":[5],"tags":[],"_links":{"self":[{"href":"https:\/\/ecole-stjoseph-pontchateau.fr\/index.php?rest_route=\/wp\/v2\/posts\/4065"}],"collection":[{"href":"https:\/\/ecole-stjoseph-pontchateau.fr\/index.php?rest_route=\/wp\/v2\/posts"}],"about":[{"href":"https:\/\/ecole-stjoseph-pontchateau.fr\/index.php?rest_route=\/wp\/v2\/types\/post"}],"author":[{"embeddable":true,"href":"https:\/\/ecole-stjoseph-pontchateau.fr\/index.php?rest_route=\/wp\/v2\/users\/20"}],"replies":[{"embeddable":true,"href":"https:\/\/ecole-stjoseph-pontchateau.fr\/index.php?rest_route=%2Fwp%2Fv2%2Fcomments&post=4065"}],"version-history":[{"count":0,"href":"https:\/\/ecole-stjoseph-pontchateau.fr\/index.php?rest_route=\/wp\/v2\/posts\/4065\/revisions"}],"wp:attachment":[{"href":"https:\/\/ecole-stjoseph-pontchateau.fr\/index.php?rest_route=%2Fwp%2Fv2%2Fmedia&parent=4065"}],"wp:term":[{"taxonomy":"category","embeddable":true,"href":"https:\/\/ecole-stjoseph-pontchateau.fr\/index.php?rest_route=%2Fwp%2Fv2%2Fcategories&post=4065"},{"taxonomy":"post_tag","embeddable":true,"href":"https:\/\/ecole-stjoseph-pontchateau.fr\/index.php?rest_route=%2Fwp%2Fv2%2Ftags&post=4065"}],"curies":[{"name":"wp","href":"https:\/\/api.w.org\/{rel}","templated":true}]}}