{"id":4797,"date":"2018-05-30T15:59:41","date_gmt":"2018-05-30T13:59:41","guid":{"rendered":"https:\/\/ecole-stjoseph-pontchateau.fr\/?p=4797"},"modified":"2018-05-30T15:59:41","modified_gmt":"2018-05-30T13:59:41","slug":"belle-surprise-pour-les-eleves-de-petite-section","status":"publish","type":"post","link":"https:\/\/ecole-stjoseph-pontchateau.fr\/?p=4797","title":{"rendered":"Belle surprise pour les \u00e9l\u00e8ves de Petite Section"},"content":{"rendered":"<p><strong>Les \u00e9l\u00e8ves de CM2, de la classe d&rsquo;Angelique, se sont divis\u00e9s en trois groupes pour pr\u00e9parer une belle surprise aux \u00e9l\u00e8ves de Petite Section !<\/strong><\/p>\n<p><strong>Il racontent :<\/strong><\/p>\n<p>Nous avons fabriqu\u00e9 des livres pour les \u00e9l\u00e8ves de PSa.<\/p>\n<p>Notre groupe a racont\u00e9 une histoire sur les animaux de l&rsquo;hiver. Nous nous sommes r\u00e9partis la t\u00e2che par groupes de 2 ou 3.<\/p>\n<p>Nous avons pris plaisir \u00e0 \u00e9crire et \u00e0 illustrer ce livre.<\/p>\n<p>Nous sommes ensuite all\u00e9s le lire aux \u00e9l\u00e8ves de B\u00e9n\u00e9dicte. Apr\u00e8s, ils nous ont fait \u00e9couter une histoire sur les grenouilles.<\/p>\n<p><em>Alexandre, Baptiste, Camille L., Emma, Guilla<a href=\"https:\/\/ecole-stjoseph-pontchateau.fr\/wp-content\/uploads\/2018\/05\/IMG_20180412_085909963.jpg\"><img fetchpriority=\"high\" decoding=\"async\" class=\"wp-image-4799 alignleft\" src=\"https:\/\/ecole-stjoseph-pontchateau.fr\/wp-content\/uploads\/2018\/05\/IMG_20180412_085909963-300x225.jpg\" alt=\"\" width=\"392\" height=\"294\" srcset=\"https:\/\/ecole-stjoseph-pontchateau.fr\/wp-content\/uploads\/2018\/05\/IMG_20180412_085909963-300x225.jpg 300w, https:\/\/ecole-stjoseph-pontchateau.fr\/wp-content\/uploads\/2018\/05\/IMG_20180412_085909963-768x576.jpg 768w, https:\/\/ecole-stjoseph-pontchateau.fr\/wp-content\/uploads\/2018\/05\/IMG_20180412_085909963-1024x768.jpg 1024w, https:\/\/ecole-stjoseph-pontchateau.fr\/wp-content\/uploads\/2018\/05\/IMG_20180412_085909963-600x450.jpg 600w, https:\/\/ecole-stjoseph-pontchateau.fr\/wp-content\/uploads\/2018\/05\/IMG_20180412_085909963.jpg 2048w\" sizes=\"(max-width: 392px) 100vw, 392px\" \/><\/a>ume, Lily-Ann, Mathis, Sarah et <\/em><\/p>\n<p><em>Minhnea<\/em><\/p>\n<p>&nbsp;<\/p>\n<p>&nbsp;<\/p>\n<p>&nbsp;<\/p>\n<p>&nbsp;<\/p>\n<p>&nbsp;<\/p>\n<p>&nbsp;<\/p>\n<p>&nbsp;<\/p>\n<p>Nous avons cr\u00e9\u00e9 une histoire pour les \u00e9l\u00e8ves de Petite Section de B\u00e9n\u00e9dicte. Notre livre parlait des l\u00e9gumes d&rsquo;hiver. Nous avons \u00e9crit notre texte et cr\u00e9\u00e9 nos dessins. Nous avons travaill\u00e9 en groupes.<\/p>\n<p>Nous avons \u00e9t\u00e9 tr\u00e8s contents\u00a0 d&rsquo;avoir lu notre livre \u00e0 nos \u00ab\u00a0petits\u00a0\u00bb car nous avons pris de notre temps personnel et nous y avons mis tout notre coeur.<\/p>\n<p>A la fin du livre, les PS nous ont chant\u00e9 une chanson, c&rsquo;\u00e9tait bien, nous avons trouv\u00e9 cela tr\u00e8s mignon de leur part !<a href=\"https:\/\/ecole-stjoseph-pontchateau.fr\/wp-content\/uploads\/2018\/05\/IMG_20180405_090306366.jpg\"><img decoding=\"async\" class=\" wp-image-4800 alignleft\" src=\"https:\/\/ecole-stjoseph-pontchateau.fr\/wp-content\/uploads\/2018\/05\/IMG_20180405_090306366-300x225.jpg\" alt=\"\" width=\"382\" height=\"286\" srcset=\"https:\/\/ecole-stjoseph-pontchateau.fr\/wp-content\/uploads\/2018\/05\/IMG_20180405_090306366-300x225.jpg 300w, https:\/\/ecole-stjoseph-pontchateau.fr\/wp-content\/uploads\/2018\/05\/IMG_20180405_090306366-768x576.jpg 768w, https:\/\/ecole-stjoseph-pontchateau.fr\/wp-content\/uploads\/2018\/05\/IMG_20180405_090306366-1024x768.jpg 1024w, https:\/\/ecole-stjoseph-pontchateau.fr\/wp-content\/uploads\/2018\/05\/IMG_20180405_090306366-600x450.jpg 600w, https:\/\/ecole-stjoseph-pontchateau.fr\/wp-content\/uploads\/2018\/05\/IMG_20180405_090306366.jpg 2048w\" sizes=\"(max-width: 382px) 100vw, 382px\" \/><\/a><\/p>\n<p><em>Lisa, Eug\u00e9nie, Iloa, Camille R., Gabin, Corentin, Miguel, Denis et Lonis<\/em><\/p>\n<p>&nbsp;<\/p>\n<p>&nbsp;<\/p>\n<p>&nbsp;<\/p>\n<p>&nbsp;<\/p>\n<p>&nbsp;<\/p>\n<p>&nbsp;<\/p>\n<p>&nbsp;<\/p>\n<p>&nbsp;<\/p>\n<p>La ma\u00eetresse des PSa, B\u00e9n\u00e9dicte, est venue dans notre classe, nous parler du projet.<\/p>\n<p>Nous devions r\u00e9aliser un livre sur les v\u00eatements de l&rsquo;hiver.<\/p>\n<p>Ensuite nous sommes all\u00e9s lire ensemble l&rsquo;album que nous avons \u00e9crit chez les \u00e9l\u00e8ves de Petite Section. Ils \u00e9taient tr\u00e8s contents et nous attendaient avec impatience. Ils ont ador\u00e9 notre livre et notre pr\u00e9sence.<\/p>\n<p>Nous \u00e9tions tr\u00e8s heureux de participer \u00e0 ce projet avec eux. C&rsquo;\u00e9tait \u00e9mouvant! Pour nous remercier, ils nous ont chant\u00e9 une chanson.<\/p>\n<p><em>Lou, Ang\u00e8le, Lilly, Malo, Faustine, Louison, Lyssandre et Arthur<a href=\"https:\/\/ecole-stjoseph-pontchateau.fr\/wp-content\/uploads\/2018\/05\/IMG_20180419_085840957.jpg\"><img decoding=\"async\" class=\"size-medium wp-image-4801 alignleft\" src=\"https:\/\/ecole-stjoseph-pontchateau.fr\/wp-content\/uploads\/2018\/05\/IMG_20180419_085840957-300x225.jpg\" alt=\"\" width=\"300\" height=\"225\" srcset=\"https:\/\/ecole-stjoseph-pontchateau.fr\/wp-content\/uploads\/2018\/05\/IMG_20180419_085840957-300x225.jpg 300w, https:\/\/ecole-stjoseph-pontchateau.fr\/wp-content\/uploads\/2018\/05\/IMG_20180419_085840957-768x576.jpg 768w, https:\/\/ecole-stjoseph-pontchateau.fr\/wp-content\/uploads\/2018\/05\/IMG_20180419_085840957-1024x768.jpg 1024w, https:\/\/ecole-stjoseph-pontchateau.fr\/wp-content\/uploads\/2018\/05\/IMG_20180419_085840957-600x450.jpg 600w, https:\/\/ecole-stjoseph-pontchateau.fr\/wp-content\/uploads\/2018\/05\/IMG_20180419_085840957.jpg 2048w\" sizes=\"(max-width: 300px) 100vw, 300px\" \/><\/a><\/em><\/p>\n","protected":false},"excerpt":{"rendered":"<p>Les \u00e9l\u00e8ves de CM2, de la classe d&rsquo;Angelique, se sont divis\u00e9s en trois groupes pour pr\u00e9parer une belle surprise aux \u00e9l\u00e8ves de Petite Section ! Il racontent : Nous avons fabriqu\u00e9 des livres pour les \u00e9l\u00e8ves de PSa. Notre groupe a racont\u00e9 une histoire sur les animaux de l&rsquo;hiver. Nous nous sommes r\u00e9partis la t\u00e2che<\/p>\n<p><a href=\"https:\/\/ecole-stjoseph-pontchateau.fr\/?p=4797\" class=\"more-link themebutton\">Lire la suite<\/a><\/p>\n","protected":false},"author":2,"featured_media":0,"comment_status":"closed","ping_status":"open","sticky":false,"template":"","format":"standard","meta":{"ngg_post_thumbnail":0,"footnotes":""},"categories":[6],"tags":[],"_links":{"self":[{"href":"https:\/\/ecole-stjoseph-pontchateau.fr\/index.php?rest_route=\/wp\/v2\/posts\/4797"}],"collection":[{"href":"https:\/\/ecole-stjoseph-pontchateau.fr\/index.php?rest_route=\/wp\/v2\/posts"}],"about":[{"href":"https:\/\/ecole-stjoseph-pontchateau.fr\/index.php?rest_route=\/wp\/v2\/types\/post"}],"author":[{"embeddable":true,"href":"https:\/\/ecole-stjoseph-pontchateau.fr\/index.php?rest_route=\/wp\/v2\/users\/2"}],"replies":[{"embeddable":true,"href":"https:\/\/ecole-stjoseph-pontchateau.fr\/index.php?rest_route=%2Fwp%2Fv2%2Fcomments&post=4797"}],"version-history":[{"count":0,"href":"https:\/\/ecole-stjoseph-pontchateau.fr\/index.php?rest_route=\/wp\/v2\/posts\/4797\/revisions"}],"wp:attachment":[{"href":"https:\/\/ecole-stjoseph-pontchateau.fr\/index.php?rest_route=%2Fwp%2Fv2%2Fmedia&parent=4797"}],"wp:term":[{"taxonomy":"category","embeddable":true,"href":"https:\/\/ecole-stjoseph-pontchateau.fr\/index.php?rest_route=%2Fwp%2Fv2%2Fcategories&post=4797"},{"taxonomy":"post_tag","embeddable":true,"href":"https:\/\/ecole-stjoseph-pontchateau.fr\/index.php?rest_route=%2Fwp%2Fv2%2Ftags&post=4797"}],"curies":[{"name":"wp","href":"https:\/\/api.w.org\/{rel}","templated":true}]}}