{"id":6168,"date":"2019-02-26T16:24:14","date_gmt":"2019-02-26T15:24:14","guid":{"rendered":"https:\/\/ecole-stjoseph-pontchateau.fr\/?p=6168"},"modified":"2019-02-26T16:29:45","modified_gmt":"2019-02-26T15:29:45","slug":"lelection-des-delegues-cm2a","status":"publish","type":"post","link":"https:\/\/ecole-stjoseph-pontchateau.fr\/?p=6168","title":{"rendered":"L&rsquo;\u00e9lection des d\u00e9l\u00e9gu\u00e9s cm2a"},"content":{"rendered":"<p>Le Jeudi 15 Novembre 2018, apr\u00e8s-midi, Anne-Lise a expliqu\u00e9 \u00e0 la classe des cm2a comment aller se passer l&rsquo;\u00e9lection des d\u00e9l\u00e9gu\u00e9s, puis nous sommes all\u00e9s voter.<\/p>\n<p>Les candidats qui se pr\u00e9sentaient, \u00e9taient:<\/p>\n<p>&nbsp;&nbsp;&nbsp; FILLES&nbsp;&nbsp;&nbsp;&nbsp;&nbsp;&nbsp;&nbsp;&nbsp;&nbsp;&nbsp;&nbsp;&nbsp;&nbsp;&nbsp;&nbsp;&nbsp;&nbsp;&nbsp;&nbsp;&nbsp;&nbsp;&nbsp;&nbsp;&nbsp;&nbsp;&nbsp;&nbsp;&nbsp;&nbsp;&nbsp;&nbsp;&nbsp;&nbsp;&nbsp;&nbsp;&nbsp;&nbsp;&nbsp;&nbsp; GARCONS<\/p>\n<p>-Clara&nbsp;&nbsp;&nbsp;&nbsp;&nbsp;&nbsp;&nbsp;&nbsp;&nbsp;&nbsp;&nbsp;&nbsp;&nbsp;&nbsp;&nbsp;&nbsp;&nbsp;&nbsp;&nbsp;&nbsp;&nbsp;&nbsp;&nbsp;&nbsp;&nbsp;&nbsp;&nbsp;&nbsp;&nbsp;&nbsp;&nbsp;&nbsp;&nbsp;&nbsp;&nbsp;&nbsp;&nbsp;&nbsp;&nbsp; -Paul&nbsp;&nbsp;&nbsp;&nbsp;&nbsp;&nbsp;&nbsp;&nbsp;&nbsp;&nbsp;&nbsp;&nbsp;&nbsp;&nbsp;&nbsp; -Sacha<\/p>\n<p>-Evanna&nbsp;&nbsp;&nbsp;&nbsp;&nbsp;&nbsp;&nbsp;&nbsp;&nbsp;&nbsp;&nbsp;&nbsp;&nbsp;&nbsp;&nbsp;&nbsp;&nbsp;&nbsp;&nbsp;&nbsp;&nbsp;&nbsp;&nbsp;&nbsp;&nbsp;&nbsp;&nbsp;&nbsp;&nbsp;&nbsp;&nbsp;&nbsp;&nbsp;&nbsp;&nbsp; -Mathis&nbsp;&nbsp;&nbsp;&nbsp;&nbsp;&nbsp;&nbsp;&nbsp;&nbsp;&nbsp; -Simon<\/p>\n<p>-Vai-Emma&nbsp;&nbsp;&nbsp;&nbsp;&nbsp;&nbsp;&nbsp;&nbsp;&nbsp;&nbsp;&nbsp;&nbsp;&nbsp;&nbsp;&nbsp;&nbsp;&nbsp;&nbsp;&nbsp;&nbsp;&nbsp;&nbsp;&nbsp;&nbsp;&nbsp;&nbsp;&nbsp;&nbsp;&nbsp; -Aubin&nbsp;&nbsp;&nbsp;&nbsp;&nbsp;&nbsp;&nbsp;&nbsp;&nbsp;&nbsp;&nbsp;&nbsp; -Arthur<\/p>\n<p>-Andr\u00e9a&nbsp;&nbsp;&nbsp;&nbsp;&nbsp;&nbsp;&nbsp;&nbsp;&nbsp;&nbsp;&nbsp;&nbsp;&nbsp;&nbsp;&nbsp;&nbsp;&nbsp;&nbsp;&nbsp;&nbsp;&nbsp;&nbsp;&nbsp;&nbsp;&nbsp;&nbsp;&nbsp;&nbsp;&nbsp;&nbsp;&nbsp;&nbsp;&nbsp;&nbsp;&nbsp; -Est\u00e8van<\/p>\n<p>Ensuite, nous sommes revenus dans notre classe et nous avons fait le d\u00e9pouillement.<\/p>\n<p>Les vainqueurs sont ?<\/p>\n<p>DELEGUES: Vai-Emma&nbsp;&nbsp;&nbsp;&nbsp;&nbsp;&nbsp;&nbsp;&nbsp; Arthur<\/p>\n<p>SOUS DELEGUES: Clara &nbsp; &nbsp; Est\u00e9van<img fetchpriority=\"high\" decoding=\"async\" width=\"225\" height=\"300\" class=\"aligncenter wp-image-6309 size-medium\" alt=\"\" src=\"https:\/\/ecole-stjoseph-pontchateau.fr\/wp-content\/uploads\/2019\/01\/20181116_115619-225x300.jpg\" srcset=\"https:\/\/ecole-stjoseph-pontchateau.fr\/wp-content\/uploads\/2019\/01\/20181116_115619-225x300.jpg 225w, https:\/\/ecole-stjoseph-pontchateau.fr\/wp-content\/uploads\/2019\/01\/20181116_115619-768x1024.jpg 768w, https:\/\/ecole-stjoseph-pontchateau.fr\/wp-content\/uploads\/2019\/01\/20181116_115619-600x800.jpg 600w, https:\/\/ecole-stjoseph-pontchateau.fr\/wp-content\/uploads\/2019\/01\/20181116_115619.jpg 1536w\" sizes=\"(max-width: 225px) 100vw, 225px\" \/><\/p>\n<p>&nbsp;<\/p>\n<p>&nbsp;&nbsp;&nbsp;&nbsp;&nbsp;&nbsp;&nbsp;&nbsp;&nbsp;&nbsp;&nbsp;&nbsp;&nbsp;&nbsp;&nbsp;&nbsp;&nbsp;&nbsp;&nbsp;&nbsp;&nbsp;&nbsp;&nbsp;&nbsp;&nbsp;&nbsp;&nbsp;&nbsp;&nbsp;&nbsp;&nbsp;&nbsp;&nbsp;&nbsp;&nbsp;&nbsp;&nbsp;&nbsp;&nbsp;&nbsp;&nbsp;&nbsp;&nbsp;&nbsp;&nbsp;&nbsp;&nbsp;&nbsp;&nbsp;&nbsp;&nbsp;&nbsp;&nbsp;&nbsp;&nbsp;&nbsp;&nbsp;&nbsp;&nbsp; BRAVO AUX VAINQUEURS !!!!!<\/p>\n","protected":false},"excerpt":{"rendered":"<p>Le Jeudi 15 Novembre 2018, apr\u00e8s-midi, Anne-Lise a expliqu\u00e9 \u00e0 la classe des cm2a comment aller se passer l&rsquo;\u00e9lection des d\u00e9l\u00e9gu\u00e9s, puis nous sommes all\u00e9s voter. Les candidats qui se pr\u00e9sentaient, \u00e9taient: &nbsp;&nbsp;&nbsp; FILLES&nbsp;&nbsp;&nbsp;&nbsp;&nbsp;&nbsp;&nbsp;&nbsp;&nbsp;&nbsp;&nbsp;&nbsp;&nbsp;&nbsp;&nbsp;&nbsp;&nbsp;&nbsp;&nbsp;&nbsp;&nbsp;&nbsp;&nbsp;&nbsp;&nbsp;&nbsp;&nbsp;&nbsp;&nbsp;&nbsp;&nbsp;&nbsp;&nbsp;&nbsp;&nbsp;&nbsp;&nbsp;&nbsp;&nbsp; GARCONS -Clara&nbsp;&nbsp;&nbsp;&nbsp;&nbsp;&nbsp;&nbsp;&nbsp;&nbsp;&nbsp;&nbsp;&nbsp;&nbsp;&nbsp;&nbsp;&nbsp;&nbsp;&nbsp;&nbsp;&nbsp;&nbsp;&nbsp;&nbsp;&nbsp;&nbsp;&nbsp;&nbsp;&nbsp;&nbsp;&nbsp;&nbsp;&nbsp;&nbsp;&nbsp;&nbsp;&nbsp;&nbsp;&nbsp;&nbsp; -Paul&nbsp;&nbsp;&nbsp;&nbsp;&nbsp;&nbsp;&nbsp;&nbsp;&nbsp;&nbsp;&nbsp;&nbsp;&nbsp;&nbsp;&nbsp; -Sacha -Evanna&nbsp;&nbsp;&nbsp;&nbsp;&nbsp;&nbsp;&nbsp;&nbsp;&nbsp;&nbsp;&nbsp;&nbsp;&nbsp;&nbsp;&nbsp;&nbsp;&nbsp;&nbsp;&nbsp;&nbsp;&nbsp;&nbsp;&nbsp;&nbsp;&nbsp;&nbsp;&nbsp;&nbsp;&nbsp;&nbsp;&nbsp;&nbsp;&nbsp;&nbsp;&nbsp; -Mathis&nbsp;&nbsp;&nbsp;&nbsp;&nbsp;&nbsp;&nbsp;&nbsp;&nbsp;&nbsp; -Simon -Vai-Emma&nbsp;&nbsp;&nbsp;&nbsp;&nbsp;&nbsp;&nbsp;&nbsp;&nbsp;&nbsp;&nbsp;&nbsp;&nbsp;&nbsp;&nbsp;&nbsp;&nbsp;&nbsp;&nbsp;&nbsp;&nbsp;&nbsp;&nbsp;&nbsp;&nbsp;&nbsp;&nbsp;&nbsp;&nbsp; -Aubin&nbsp;&nbsp;&nbsp;&nbsp;&nbsp;&nbsp;&nbsp;&nbsp;&nbsp;&nbsp;&nbsp;&nbsp; -Arthur -Andr\u00e9a&nbsp;&nbsp;&nbsp;&nbsp;&nbsp;&nbsp;&nbsp;&nbsp;&nbsp;&nbsp;&nbsp;&nbsp;&nbsp;&nbsp;&nbsp;&nbsp;&nbsp;&nbsp;&nbsp;&nbsp;&nbsp;&nbsp;&nbsp;&nbsp;&nbsp;&nbsp;&nbsp;&nbsp;&nbsp;&nbsp;&nbsp;&nbsp;&nbsp;&nbsp;&nbsp; -Est\u00e8van Ensuite, nous sommes revenus dans notre classe et nous<\/p>\n<p><a href=\"https:\/\/ecole-stjoseph-pontchateau.fr\/?p=6168\" class=\"more-link themebutton\">Lire la suite<\/a><\/p>\n","protected":false},"author":10,"featured_media":0,"comment_status":"closed","ping_status":"open","sticky":false,"template":"","format":"standard","meta":{"ngg_post_thumbnail":0,"footnotes":""},"categories":[6,1],"tags":[],"_links":{"self":[{"href":"https:\/\/ecole-stjoseph-pontchateau.fr\/index.php?rest_route=\/wp\/v2\/posts\/6168"}],"collection":[{"href":"https:\/\/ecole-stjoseph-pontchateau.fr\/index.php?rest_route=\/wp\/v2\/posts"}],"about":[{"href":"https:\/\/ecole-stjoseph-pontchateau.fr\/index.php?rest_route=\/wp\/v2\/types\/post"}],"author":[{"embeddable":true,"href":"https:\/\/ecole-stjoseph-pontchateau.fr\/index.php?rest_route=\/wp\/v2\/users\/10"}],"replies":[{"embeddable":true,"href":"https:\/\/ecole-stjoseph-pontchateau.fr\/index.php?rest_route=%2Fwp%2Fv2%2Fcomments&post=6168"}],"version-history":[{"count":4,"href":"https:\/\/ecole-stjoseph-pontchateau.fr\/index.php?rest_route=\/wp\/v2\/posts\/6168\/revisions"}],"predecessor-version":[{"id":6473,"href":"https:\/\/ecole-stjoseph-pontchateau.fr\/index.php?rest_route=\/wp\/v2\/posts\/6168\/revisions\/6473"}],"wp:attachment":[{"href":"https:\/\/ecole-stjoseph-pontchateau.fr\/index.php?rest_route=%2Fwp%2Fv2%2Fmedia&parent=6168"}],"wp:term":[{"taxonomy":"category","embeddable":true,"href":"https:\/\/ecole-stjoseph-pontchateau.fr\/index.php?rest_route=%2Fwp%2Fv2%2Fcategories&post=6168"},{"taxonomy":"post_tag","embeddable":true,"href":"https:\/\/ecole-stjoseph-pontchateau.fr\/index.php?rest_route=%2Fwp%2Fv2%2Ftags&post=6168"}],"curies":[{"name":"wp","href":"https:\/\/api.w.org\/{rel}","templated":true}]}}