{"id":6441,"date":"2019-02-17T16:53:55","date_gmt":"2019-02-17T15:53:55","guid":{"rendered":"https:\/\/ecole-stjoseph-pontchateau.fr\/?p=6441"},"modified":"2019-02-17T20:42:38","modified_gmt":"2019-02-17T19:42:38","slug":"les-befanini","status":"publish","type":"post","link":"https:\/\/ecole-stjoseph-pontchateau.fr\/?p=6441","title":{"rendered":"les befanini"},"content":{"rendered":"<p><strong>Suite<\/strong><em><strong> \u00e0 notre travail sur la Befana, nous avons \u00e9tudi\u00e9 et r\u00e9alis\u00e9 la recette des befanini.<\/strong><\/em><\/p>\n<p><em><strong>vendredi 8 f\u00e9vrier<\/strong><\/em><\/p>\n<p><strong>CE1<\/strong><\/p>\n<p>Nous avons pes\u00e9 les ingr\u00e9dients. Apr\u00e8s avoir mis tous les ingr\u00e9dients dans un saladier et p\u00e9tri la p\u00e2te pour faire une boule, nous l&rsquo;avons mise au r\u00e9frig\u00e9rateur. (\u00e9l\u00e8ves de CE1)<\/p>\n<p>Hier nous avons fait des befanini. Pour faire la p\u00e2te, on a mis du beurre, de la farine, du sucre, du lait, de la levure et des \u0153ufs. Nous avons p\u00e9tri la p\u00e2te avec les mains. On a \u00e9tal\u00e9 la p\u00e2te avec un rouleau \u00e0 p\u00e2tisserie. Nous avons utilis\u00e9 des emporte pi\u00e8ces pour faire les formes. Puis nous avons badigeonn\u00e9 les g\u00e2teaux de jaune d&rsquo;oeuf et on a saupoudr\u00e9 de perles de sucre&nbsp;. On a fait cuire \u00e0 180\u00b0. (C\u00e9lia-CE1)<\/p>\n<p><strong>CP<\/strong><br \/>\nOn a cuisin\u00e9. On a roul\u00e9 la p\u00e2te. (Cl\u00e9mence)<\/p>\n<p>J&rsquo;ai fait des befanini et il y a des mamans qui sont venues. Avant \u00e7a, on a pr\u00e9par\u00e9 la p\u00e2te avec Gloria. On a \u00e9tal\u00e9 la p\u00e2te et apr\u00e8s on a fait les formes avec les emporte-pi\u00e8ces. Ensuite on a rajout\u00e9 les perles de sucre et on les a mis au four. (Na\u00e9mie)<\/p>\n<p>On a fait la p\u00e2te avec Gloria et on a fait des formes avec les emporte-pi\u00e8ces et on les a fait cuire. (Mewen)<\/p>\n<p>On a fait des befanini dans la classe. On a m\u00e9lang\u00e9 la p\u00e2te. On a mis les emporte-pi\u00e8ces dessus et apr\u00e8s on a mis au four. Ce matin on en a mang\u00e9 un dans la classe. (Sarah)<\/p>\n<p>On a pr\u00e9par\u00e9 la p\u00e2te des befanini&nbsp;. (Tylio)<\/p>\n<p>On a roul\u00e9 la p\u00e2te, on a mis des perles de sucre et on a mis la p\u00e2te au four. (Ma\u00ebl)<\/p>\n<p>On a roul\u00e9 la p\u00e2te et on a mis les biscuits au four \u00e0 180\u00b0. (Margaux)<\/p>\n<p>On a mis tous les ingr\u00e9dients dans le saladier et on a m\u00e9lang\u00e9. (Cl\u00e9ment)<\/p>\n<p><a href=\"https:\/\/ecole-stjoseph-pontchateau.fr\/wp-content\/uploads\/2019\/02\/20190207_155849.jpg\"><img fetchpriority=\"high\" decoding=\"async\" width=\"225\" height=\"300\" class=\"alignnone size-medium wp-image-6443\" alt=\"\" src=\"https:\/\/ecole-stjoseph-pontchateau.fr\/wp-content\/uploads\/2019\/02\/20190207_155849-225x300.jpg\" srcset=\"https:\/\/ecole-stjoseph-pontchateau.fr\/wp-content\/uploads\/2019\/02\/20190207_155849-225x300.jpg 225w, https:\/\/ecole-stjoseph-pontchateau.fr\/wp-content\/uploads\/2019\/02\/20190207_155849-768x1024.jpg 768w, https:\/\/ecole-stjoseph-pontchateau.fr\/wp-content\/uploads\/2019\/02\/20190207_155849-600x800.jpg 600w, https:\/\/ecole-stjoseph-pontchateau.fr\/wp-content\/uploads\/2019\/02\/20190207_155849.jpg 1536w\" sizes=\"(max-width: 225px) 100vw, 225px\" \/><\/a><\/p>\n<div style=\"width: 960px;\" class=\"wp-video\"><!--[if lt IE 9]><script>document.createElement('video');<\/script><![endif]-->\n<video class=\"wp-video-shortcode\" id=\"video-6441-1\" width=\"960\" height=\"540\" preload=\"metadata\" controls=\"controls\"><source type=\"video\/mp4\" src=\"https:\/\/ecole-stjoseph-pontchateau.fr\/wp-content\/uploads\/2019\/02\/befanini_Petite-taille.mp4?_=1\" \/><a href=\"https:\/\/ecole-stjoseph-pontchateau.fr\/wp-content\/uploads\/2019\/02\/befanini_Petite-taille.mp4\">https:\/\/ecole-stjoseph-pontchateau.fr\/wp-content\/uploads\/2019\/02\/befanini_Petite-taille.mp4<\/a><\/video><\/div>\n<p><a href=\"https:\/\/ecole-stjoseph-pontchateau.fr\/wp-content\/uploads\/2019\/02\/Befanini.pdf\">Befanini<\/a><\/p>\n","protected":false},"excerpt":{"rendered":"<p>Suite \u00e0 notre travail sur la Befana, nous avons \u00e9tudi\u00e9 et r\u00e9alis\u00e9 la recette des befanini. vendredi 8 f\u00e9vrier CE1 Nous avons pes\u00e9 les ingr\u00e9dients. Apr\u00e8s avoir mis tous les ingr\u00e9dients dans un saladier et p\u00e9tri la p\u00e2te pour faire une boule, nous l&rsquo;avons mise au r\u00e9frig\u00e9rateur. (\u00e9l\u00e8ves de CE1) Hier nous avons fait des<\/p>\n<p><a href=\"https:\/\/ecole-stjoseph-pontchateau.fr\/?p=6441\" class=\"more-link themebutton\">Lire la suite<\/a><\/p>\n","protected":false},"author":26,"featured_media":6443,"comment_status":"closed","ping_status":"open","sticky":false,"template":"","format":"standard","meta":{"ngg_post_thumbnail":0,"footnotes":""},"categories":[5,39],"tags":[],"_links":{"self":[{"href":"https:\/\/ecole-stjoseph-pontchateau.fr\/index.php?rest_route=\/wp\/v2\/posts\/6441"}],"collection":[{"href":"https:\/\/ecole-stjoseph-pontchateau.fr\/index.php?rest_route=\/wp\/v2\/posts"}],"about":[{"href":"https:\/\/ecole-stjoseph-pontchateau.fr\/index.php?rest_route=\/wp\/v2\/types\/post"}],"author":[{"embeddable":true,"href":"https:\/\/ecole-stjoseph-pontchateau.fr\/index.php?rest_route=\/wp\/v2\/users\/26"}],"replies":[{"embeddable":true,"href":"https:\/\/ecole-stjoseph-pontchateau.fr\/index.php?rest_route=%2Fwp%2Fv2%2Fcomments&post=6441"}],"version-history":[{"count":4,"href":"https:\/\/ecole-stjoseph-pontchateau.fr\/index.php?rest_route=\/wp\/v2\/posts\/6441\/revisions"}],"predecessor-version":[{"id":6449,"href":"https:\/\/ecole-stjoseph-pontchateau.fr\/index.php?rest_route=\/wp\/v2\/posts\/6441\/revisions\/6449"}],"wp:featuredmedia":[{"embeddable":true,"href":"https:\/\/ecole-stjoseph-pontchateau.fr\/index.php?rest_route=\/wp\/v2\/media\/6443"}],"wp:attachment":[{"href":"https:\/\/ecole-stjoseph-pontchateau.fr\/index.php?rest_route=%2Fwp%2Fv2%2Fmedia&parent=6441"}],"wp:term":[{"taxonomy":"category","embeddable":true,"href":"https:\/\/ecole-stjoseph-pontchateau.fr\/index.php?rest_route=%2Fwp%2Fv2%2Fcategories&post=6441"},{"taxonomy":"post_tag","embeddable":true,"href":"https:\/\/ecole-stjoseph-pontchateau.fr\/index.php?rest_route=%2Fwp%2Fv2%2Ftags&post=6441"}],"curies":[{"name":"wp","href":"https:\/\/api.w.org\/{rel}","templated":true}]}}