{"id":8455,"date":"2021-02-04T18:58:54","date_gmt":"2021-02-04T17:58:54","guid":{"rendered":"https:\/\/ecole-stjoseph-pontchateau.fr\/?p=8455"},"modified":"2021-02-04T18:58:54","modified_gmt":"2021-02-04T17:58:54","slug":"cest-la-fete-des-couleurs","status":"publish","type":"post","link":"https:\/\/ecole-stjoseph-pontchateau.fr\/?p=8455","title":{"rendered":"C&rsquo;est la f\u00eate des couleurs&#8230;."},"content":{"rendered":"<p><\/p>\r\n<p>La f\u00eate des couleurs<\/p>\r\n<p>La semaine avant les cong\u00e9s de No\u00ebl, nous avons fait la f\u00eate des couleurs.<br>Le lundi, le jaune est venu mettre de la lumi\u00e8re dans notre classe et dans l&rsquo;\u00e9cole.<br>Le mardi, le vert, couleur des sapins de No\u00ebl est venu remplacer son copain jaune.<br>Le jeudi, le rouge a fait son apparition. C&rsquo;\u00e9tait tr\u00e8s beau !<br>Et le vendredi, chacun a eu beaucoup d&rsquo;imagination pour se costumer en No\u00ebl : bonnet, pull, masques&#8230;<br><br>Quelle super semaine !!!!<br><br>Les CPA et CPB<\/p>\r\n<p><a href=\"https:\/\/ecole-stjoseph-pontchateau.fr\/wp-content\/uploads\/2021\/02\/Collage_2021-02-03_19_03_401.jpg\"><img fetchpriority=\"high\" decoding=\"async\" class=\"size-medium wp-image-8477 alignleft\" src=\"https:\/\/ecole-stjoseph-pontchateau.fr\/wp-content\/uploads\/2021\/02\/Collage_2021-02-03_19_03_401-300x300.jpg\" alt=\"\" width=\"300\" height=\"300\" srcset=\"https:\/\/ecole-stjoseph-pontchateau.fr\/wp-content\/uploads\/2021\/02\/Collage_2021-02-03_19_03_401-300x300.jpg 300w, https:\/\/ecole-stjoseph-pontchateau.fr\/wp-content\/uploads\/2021\/02\/Collage_2021-02-03_19_03_401-1024x1024.jpg 1024w, https:\/\/ecole-stjoseph-pontchateau.fr\/wp-content\/uploads\/2021\/02\/Collage_2021-02-03_19_03_401-150x150.jpg 150w, https:\/\/ecole-stjoseph-pontchateau.fr\/wp-content\/uploads\/2021\/02\/Collage_2021-02-03_19_03_401-768x768.jpg 768w, https:\/\/ecole-stjoseph-pontchateau.fr\/wp-content\/uploads\/2021\/02\/Collage_2021-02-03_19_03_401.jpg 1200w\" sizes=\"(max-width: 300px) 100vw, 300px\" \/><\/a><\/p>\r\n<p>&nbsp;<\/p>\r\n<p><a href=\"https:\/\/ecole-stjoseph-pontchateau.fr\/wp-content\/uploads\/2021\/02\/Collage-2021-02-04-17_19_02.jpg\"><img decoding=\"async\" class=\"size-medium wp-image-8500 alignnone\" src=\"https:\/\/ecole-stjoseph-pontchateau.fr\/wp-content\/uploads\/2021\/02\/Collage-2021-02-04-17_19_02-300x300.jpg\" alt=\"\" width=\"300\" height=\"300\" srcset=\"https:\/\/ecole-stjoseph-pontchateau.fr\/wp-content\/uploads\/2021\/02\/Collage-2021-02-04-17_19_02-300x300.jpg 300w, https:\/\/ecole-stjoseph-pontchateau.fr\/wp-content\/uploads\/2021\/02\/Collage-2021-02-04-17_19_02-1024x1024.jpg 1024w, https:\/\/ecole-stjoseph-pontchateau.fr\/wp-content\/uploads\/2021\/02\/Collage-2021-02-04-17_19_02-150x150.jpg 150w, https:\/\/ecole-stjoseph-pontchateau.fr\/wp-content\/uploads\/2021\/02\/Collage-2021-02-04-17_19_02-768x768.jpg 768w, https:\/\/ecole-stjoseph-pontchateau.fr\/wp-content\/uploads\/2021\/02\/Collage-2021-02-04-17_19_02.jpg 1200w\" sizes=\"(max-width: 300px) 100vw, 300px\" \/><\/a><\/p>\r\n<p>&nbsp;<\/p>\r\n<p>&nbsp;<\/p>\r\n<p>&nbsp;<\/p>\r\n<p>&nbsp;<\/p>\r\n<p>&nbsp;<\/p>\r\n","protected":false},"excerpt":{"rendered":"<p>La f\u00eate des couleurs La semaine avant les cong\u00e9s de No\u00ebl, nous avons fait la f\u00eate des couleurs.Le lundi, le jaune est venu mettre de la lumi\u00e8re dans notre classe et dans l&rsquo;\u00e9cole.Le mardi, le vert, couleur des sapins de No\u00ebl est venu remplacer son copain jaune.Le jeudi, le rouge a fait son apparition. C&rsquo;\u00e9tait<\/p>\n<p><a href=\"https:\/\/ecole-stjoseph-pontchateau.fr\/?p=8455\" class=\"more-link themebutton\">Lire la suite<\/a><\/p>\n","protected":false},"author":13,"featured_media":8477,"comment_status":"closed","ping_status":"open","sticky":false,"template":"","format":"standard","meta":{"ngg_post_thumbnail":0,"footnotes":""},"categories":[5],"tags":[],"_links":{"self":[{"href":"https:\/\/ecole-stjoseph-pontchateau.fr\/index.php?rest_route=\/wp\/v2\/posts\/8455"}],"collection":[{"href":"https:\/\/ecole-stjoseph-pontchateau.fr\/index.php?rest_route=\/wp\/v2\/posts"}],"about":[{"href":"https:\/\/ecole-stjoseph-pontchateau.fr\/index.php?rest_route=\/wp\/v2\/types\/post"}],"author":[{"embeddable":true,"href":"https:\/\/ecole-stjoseph-pontchateau.fr\/index.php?rest_route=\/wp\/v2\/users\/13"}],"replies":[{"embeddable":true,"href":"https:\/\/ecole-stjoseph-pontchateau.fr\/index.php?rest_route=%2Fwp%2Fv2%2Fcomments&post=8455"}],"version-history":[{"count":5,"href":"https:\/\/ecole-stjoseph-pontchateau.fr\/index.php?rest_route=\/wp\/v2\/posts\/8455\/revisions"}],"predecessor-version":[{"id":8505,"href":"https:\/\/ecole-stjoseph-pontchateau.fr\/index.php?rest_route=\/wp\/v2\/posts\/8455\/revisions\/8505"}],"wp:featuredmedia":[{"embeddable":true,"href":"https:\/\/ecole-stjoseph-pontchateau.fr\/index.php?rest_route=\/wp\/v2\/media\/8477"}],"wp:attachment":[{"href":"https:\/\/ecole-stjoseph-pontchateau.fr\/index.php?rest_route=%2Fwp%2Fv2%2Fmedia&parent=8455"}],"wp:term":[{"taxonomy":"category","embeddable":true,"href":"https:\/\/ecole-stjoseph-pontchateau.fr\/index.php?rest_route=%2Fwp%2Fv2%2Fcategories&post=8455"},{"taxonomy":"post_tag","embeddable":true,"href":"https:\/\/ecole-stjoseph-pontchateau.fr\/index.php?rest_route=%2Fwp%2Fv2%2Ftags&post=8455"}],"curies":[{"name":"wp","href":"https:\/\/api.w.org\/{rel}","templated":true}]}}