{"id":8598,"date":"2021-02-08T18:24:47","date_gmt":"2021-02-08T17:24:47","guid":{"rendered":"https:\/\/ecole-stjoseph-pontchateau.fr\/?p=8598"},"modified":"2021-02-09T09:49:24","modified_gmt":"2021-02-09T08:49:24","slug":"le-temps-presse","status":"publish","type":"post","link":"https:\/\/ecole-stjoseph-pontchateau.fr\/?p=8598","title":{"rendered":"Le temps presse &#8230;"},"content":{"rendered":"<p><strong>Le mot des \u00e9l\u00e8ves<\/strong><\/p>\n<p>Nous avons v\u00e9cu une nouvelle exp\u00e9rience en tant que membre du jury (8-12ans) pour le Festival \u00a0\u00bb Le temps presse\u00a0\u00bb.<\/p>\n<p>Ce vendredi 5 f\u00e9vrier nous avons visionn\u00e9 cinq courts-m\u00e9trages en rapport avec le respect de notre environnement. Les th\u00e8mes abord\u00e9s \u00e9taient : l&rsquo;acceptation du handicap, les migrants climatiques li\u00e9s au r\u00e9chauffement de la plan\u00e8te, la pollution, l&rsquo;int\u00e9gration scolaire, les droits de l&rsquo;enfant &#8230;<\/p>\n<p>L&rsquo;ensemble des CM2 a regard\u00e9 ces films. Chaque \u00e9l\u00e8ve devait noter sur une fiche 2 notes : \u00ab\u00a0j&rsquo;aime :pas vraiment, un peu, beaucoup \u00a0\u00bb et l&rsquo;autre sur \u00ab\u00a0J&rsquo;ai compris le message\u00a0\u00bb. Nous devions ajouter des commentaires. En effet, plus tard nous ferons en classe un d\u00e9bat.<\/p>\n<p>Nous avons trouv\u00e9 cela tr\u00e8s int\u00e9ressant de pouvoir participer \u00e0 un festival et d&rsquo;en \u00eatre jury. C&rsquo;\u00e9tait une exp\u00e9rience enrichissante de pouvoir visionner des films tr\u00e8s diff\u00e9rents tant dans leur message, leur graphisme et la mise en sc\u00e8ne. Nous en avons parl\u00e9 ensuite, en classe, des diff\u00e9rents films et de leurs messages. cela nous a permis de mieux comprendre.<\/p>\n<p>De plus, cela nous a permis de vivre une exp\u00e9rience entre cm2 ! Chacun a eu son petit coup de c\u0153ur !<\/p>\n<p>C&rsquo;\u00e9tait original que le cin\u00e9ma vienne \u00e0 nous &#8230;<\/p>\n<p>Nous aimerions recommenc\u00e9 cette exp\u00e9rience.<\/p>\n<p>Mais pour l&rsquo;instant place au d\u00e9bat dans les classes !<\/p>\n<p>Et surtout prenons soin les uns des autres et de notre environnement !<\/p>\n<p><a href=\"https:\/\/ecole-stjoseph-pontchateau.fr\/wp-content\/uploads\/2021\/02\/Collage-2021-02-08-18_11_24.jpg\"><img decoding=\"async\" class=\"alignnone size-medium wp-image-8604\" src=\"https:\/\/ecole-stjoseph-pontchateau.fr\/wp-content\/uploads\/2021\/02\/Collage-2021-02-08-18_11_24-163x300.jpg\" alt=\"\" width=\"163\" height=\"300\" srcset=\"https:\/\/ecole-stjoseph-pontchateau.fr\/wp-content\/uploads\/2021\/02\/Collage-2021-02-08-18_11_24-163x300.jpg 163w, https:\/\/ecole-stjoseph-pontchateau.fr\/wp-content\/uploads\/2021\/02\/Collage-2021-02-08-18_11_24-557x1024.jpg 557w, https:\/\/ecole-stjoseph-pontchateau.fr\/wp-content\/uploads\/2021\/02\/Collage-2021-02-08-18_11_24-768x1411.jpg 768w, https:\/\/ecole-stjoseph-pontchateau.fr\/wp-content\/uploads\/2021\/02\/Collage-2021-02-08-18_11_24-836x1536.jpg 836w, https:\/\/ecole-stjoseph-pontchateau.fr\/wp-content\/uploads\/2021\/02\/Collage-2021-02-08-18_11_24.jpg 1080w\" sizes=\"(max-width: 163px) 100vw, 163px\" \/><\/a><a href=\"https:\/\/ecole-stjoseph-pontchateau.fr\/wp-content\/uploads\/2021\/02\/Collage-2021-02-08-18_13_55.jpg\"><img decoding=\"async\" class=\"alignnone size-medium wp-image-8605\" src=\"https:\/\/ecole-stjoseph-pontchateau.fr\/wp-content\/uploads\/2021\/02\/Collage-2021-02-08-18_13_55-163x300.jpg\" alt=\"\" width=\"163\" height=\"300\" srcset=\"https:\/\/ecole-stjoseph-pontchateau.fr\/wp-content\/uploads\/2021\/02\/Collage-2021-02-08-18_13_55-163x300.jpg 163w, https:\/\/ecole-stjoseph-pontchateau.fr\/wp-content\/uploads\/2021\/02\/Collage-2021-02-08-18_13_55-557x1024.jpg 557w, https:\/\/ecole-stjoseph-pontchateau.fr\/wp-content\/uploads\/2021\/02\/Collage-2021-02-08-18_13_55-768x1411.jpg 768w, https:\/\/ecole-stjoseph-pontchateau.fr\/wp-content\/uploads\/2021\/02\/Collage-2021-02-08-18_13_55-836x1536.jpg 836w, https:\/\/ecole-stjoseph-pontchateau.fr\/wp-content\/uploads\/2021\/02\/Collage-2021-02-08-18_13_55.jpg 1080w\" sizes=\"(max-width: 163px) 100vw, 163px\" \/><\/a><\/p>\n<p><strong>Le mot des enseignantes<\/strong><\/p>\n<p>Nos \u00e9l\u00e8ves ne pouvant pas se rendre actuellement au cin\u00e9ma, nous avons d\u00e9cid\u00e9 de faire venir le cin\u00e9ma \u00e0 eux&nbsp;!<\/p>\n<p>&nbsp;Ainsi nous sommes en train de participer avec nos \u00e9l\u00e8ves &nbsp;au jury du Prix des enfants (pour les 8-12 ans) du 10e Festival de cin\u00e9ma Le Temps Presse, autour des Objectifs de D\u00e9veloppement Durable (ODD). Il s\u2019agit de noter, avant les vacances de f\u00e9vrier, des courts m\u00e9trages \u00e0 visionner en classe et en ligne.<\/p>\n<p>Les \u00e9l\u00e8ves ont pris leur r\u00f4le tr\u00e8s au s\u00e9rieux, notant soigneusement leurs avis et commentaires.<\/p>\n<p>Bravo \u00e0 eux !<\/p>\n<p>&nbsp;<\/p>\n<p><strong>Le festival en quelques mots<\/strong><\/p>\n<p>Plus de 10 000 \u00e9l\u00e8ves de France, Afrique francophone, Monaco vont \u00eatre jurys et voter apr\u00e8s avoir visionn\u00e9 des courts m\u00e9trages sur le th\u00e8me des ODD. Il y a un prix des enfants, un prix des lyc\u00e9ens et un prix des \u00e9tudiants.<br \/>\nLes courts m\u00e9trages des enfants sont sur les th\u00e8mes de l\u2019immigration, l\u2019\u00e9ducation, la pollution, le handicap ou la tol\u00e9rance. Leur r\u00e9alisateur est belge, malaisien, s\u00e9n\u00e9galais, suisse ou fran\u00e7ais.<\/p>\n<p>Une c\u00e9r\u00e9monie de cl\u00f4ture aura lieu en avril 2021 et d\u00e9signera les laur\u00e9ats pour chaque prix.<\/p>\n","protected":false},"excerpt":{"rendered":"<p>Le mot des \u00e9l\u00e8ves Nous avons v\u00e9cu une nouvelle exp\u00e9rience en tant que membre du jury (8-12ans) pour le Festival \u00a0\u00bb Le temps presse\u00a0\u00bb. Ce vendredi 5 f\u00e9vrier nous avons visionn\u00e9 cinq courts-m\u00e9trages en rapport avec le respect de notre environnement. Les th\u00e8mes abord\u00e9s \u00e9taient : l&rsquo;acceptation du handicap, les migrants climatiques li\u00e9s au r\u00e9chauffement<\/p>\n<p><a href=\"https:\/\/ecole-stjoseph-pontchateau.fr\/?p=8598\" class=\"more-link themebutton\">Lire la suite<\/a><\/p>\n","protected":false},"author":18,"featured_media":8605,"comment_status":"closed","ping_status":"open","sticky":false,"template":"","format":"standard","meta":{"ngg_post_thumbnail":0,"footnotes":""},"categories":[6,39],"tags":[],"_links":{"self":[{"href":"https:\/\/ecole-stjoseph-pontchateau.fr\/index.php?rest_route=\/wp\/v2\/posts\/8598"}],"collection":[{"href":"https:\/\/ecole-stjoseph-pontchateau.fr\/index.php?rest_route=\/wp\/v2\/posts"}],"about":[{"href":"https:\/\/ecole-stjoseph-pontchateau.fr\/index.php?rest_route=\/wp\/v2\/types\/post"}],"author":[{"embeddable":true,"href":"https:\/\/ecole-stjoseph-pontchateau.fr\/index.php?rest_route=\/wp\/v2\/users\/18"}],"replies":[{"embeddable":true,"href":"https:\/\/ecole-stjoseph-pontchateau.fr\/index.php?rest_route=%2Fwp%2Fv2%2Fcomments&post=8598"}],"version-history":[{"count":5,"href":"https:\/\/ecole-stjoseph-pontchateau.fr\/index.php?rest_route=\/wp\/v2\/posts\/8598\/revisions"}],"predecessor-version":[{"id":8632,"href":"https:\/\/ecole-stjoseph-pontchateau.fr\/index.php?rest_route=\/wp\/v2\/posts\/8598\/revisions\/8632"}],"wp:featuredmedia":[{"embeddable":true,"href":"https:\/\/ecole-stjoseph-pontchateau.fr\/index.php?rest_route=\/wp\/v2\/media\/8605"}],"wp:attachment":[{"href":"https:\/\/ecole-stjoseph-pontchateau.fr\/index.php?rest_route=%2Fwp%2Fv2%2Fmedia&parent=8598"}],"wp:term":[{"taxonomy":"category","embeddable":true,"href":"https:\/\/ecole-stjoseph-pontchateau.fr\/index.php?rest_route=%2Fwp%2Fv2%2Fcategories&post=8598"},{"taxonomy":"post_tag","embeddable":true,"href":"https:\/\/ecole-stjoseph-pontchateau.fr\/index.php?rest_route=%2Fwp%2Fv2%2Ftags&post=8598"}],"curies":[{"name":"wp","href":"https:\/\/api.w.org\/{rel}","templated":true}]}}