{"id":8928,"date":"2021-04-01T22:10:20","date_gmt":"2021-04-01T20:10:20","guid":{"rendered":"https:\/\/ecole-stjoseph-pontchateau.fr\/?p=8928"},"modified":"2021-04-01T22:10:20","modified_gmt":"2021-04-01T20:10:20","slug":"les-cm-participent-a-la-coupe-de-france-du-potager","status":"publish","type":"post","link":"https:\/\/ecole-stjoseph-pontchateau.fr\/?p=8928","title":{"rendered":"Les CM participent \u00e0 la Coupe de France du potager"},"content":{"rendered":"<p>Les 5 classes de CM se sont inscrites \u00e0 la premi\u00e8re \u00e9dition de la Coupe de France du potager.<\/p>\n<p>C&rsquo;est un concours national au service de la jeunesse et de la plan\u00e8te pour la promotion d\u2019une alimentation saine et locale et d\u2019une p\u00e9dagogie les mains dans la terre. Il&nbsp;s\u2019inscrit aussi dans une d\u00e9marche d\u2019\u00e9ducation \u00e0 l\u2019environnement et au d\u00e9veloppement durable.<\/p>\n<p>Les diff\u00e9rentes \u00e9quipes pr\u00e9parent leur potager et les \u00e9l\u00e9ments de rendu.&nbsp;<\/p>\n<p>La Coupe de France du potager sera ponctu\u00e9e par 6-10 points d\u2019\u00e9tapes, valorisant un territoire et des \u00e9quipes participantes locales. Ces \u00e9v\u00e8nements de rassemblement auront lieu en visioconf\u00e9rence ou en pr\u00e9sentiel.<\/p>\n<p>Mi-juin <strong>: \u00e9v\u00e9nement de cl\u00f4ture m\u00e9diatis\u00e9 et annonce des laur\u00e9ats<\/strong> (date confirm\u00e9e ult\u00e9rieurement)<\/p>\n<p>9 prix seront attribu\u00e9s par cat\u00e9gorie du concours, voici quelques exemples :&nbsp;<\/p>\n<p>&#8211; La biodiversit\u00e9, c\u2019est carr\u00e9 ! Diversit\u00e9 des esp\u00e8ces, pr\u00e9sence de vari\u00e9t\u00e9s anciennes, associations pertinentes et cr\u00e9atives entre diff\u00e9rentes plantes.<br \/>\n&#8211; Ensemble on va plus loin ! Le potager a mobilis\u00e9 les jeunes, les parents, les professeurs, et d\u2019autres ! Une d\u00e9marche interg\u00e9n\u00e9rationnelle est particuli\u00e8rement int\u00e9ressante.<br \/>\n&#8211; Mon Bo\u2019Potager ! Le plus beau potager, un am\u00e9nagement et une conception esth\u00e9tiques.<br \/>\n&#8211; \u00c7a nous nourrit ! R\u00e9compense pour les potagers particuli\u00e8rement productifs, tenant compte de leur taille.<br \/>\n&#8211; Quelle d\u00e9brouillardise ! R\u00e9compense de la frugalit\u00e9 et de la \u201cd\u00e9brouillardise\u201d : ils l\u2019ont fait avec si peu.<br \/>\n&#8211; On est pr\u00eats ! Un potager qui fait preuve d\u2019adaptation aux impacts du changement climatique.<br \/>\n&#8211; J\u2019apprends, je partage ! R\u00e9compense de la meilleure forme de partage de l\u2019exp\u00e9rience des potagistes avec d\u2019autres personnes et\/ou organisations (communication, mobilisation).<br \/>\n&#8211; Le concours sera dot\u00e9, dans chaque cat\u00e9gorie, d\u2019un \u201cPrix coups de c\u0153ur\u00a0\u00bb attribu\u00e9 par le jury \u00e0 une \u00e9quipe ayant particuli\u00e8rement retenu son attention.<\/p>\n<p>Voici un des contenus que nous proposerons : c&rsquo;est une petite vid\u00e9o film\u00e9e en acc\u00e9l\u00e9r\u00e9 pour illustrer le moment des plantations des semis.<\/p>\n<p><a href=\"https:\/\/ecole-stjoseph-pontchateau.fr\/wp-content\/uploads\/2021\/04\/IMG_4121.mov\">IMG_4121<\/a><\/p>\n","protected":false},"excerpt":{"rendered":"<p>Les 5 classes de CM se sont inscrites \u00e0 la premi\u00e8re \u00e9dition de la Coupe de France du potager. C&rsquo;est un concours national au service de la jeunesse et de la plan\u00e8te pour la promotion d\u2019une alimentation saine et locale et d\u2019une p\u00e9dagogie les mains dans la terre. Il&nbsp;s\u2019inscrit aussi dans une d\u00e9marche d\u2019\u00e9ducation \u00e0<\/p>\n<p><a href=\"https:\/\/ecole-stjoseph-pontchateau.fr\/?p=8928\" class=\"more-link themebutton\">Lire la suite<\/a><\/p>\n","protected":false},"author":23,"featured_media":8914,"comment_status":"closed","ping_status":"open","sticky":false,"template":"","format":"standard","meta":{"ngg_post_thumbnail":0,"footnotes":""},"categories":[69],"tags":[],"_links":{"self":[{"href":"https:\/\/ecole-stjoseph-pontchateau.fr\/index.php?rest_route=\/wp\/v2\/posts\/8928"}],"collection":[{"href":"https:\/\/ecole-stjoseph-pontchateau.fr\/index.php?rest_route=\/wp\/v2\/posts"}],"about":[{"href":"https:\/\/ecole-stjoseph-pontchateau.fr\/index.php?rest_route=\/wp\/v2\/types\/post"}],"author":[{"embeddable":true,"href":"https:\/\/ecole-stjoseph-pontchateau.fr\/index.php?rest_route=\/wp\/v2\/users\/23"}],"replies":[{"embeddable":true,"href":"https:\/\/ecole-stjoseph-pontchateau.fr\/index.php?rest_route=%2Fwp%2Fv2%2Fcomments&post=8928"}],"version-history":[{"count":1,"href":"https:\/\/ecole-stjoseph-pontchateau.fr\/index.php?rest_route=\/wp\/v2\/posts\/8928\/revisions"}],"predecessor-version":[{"id":8929,"href":"https:\/\/ecole-stjoseph-pontchateau.fr\/index.php?rest_route=\/wp\/v2\/posts\/8928\/revisions\/8929"}],"wp:featuredmedia":[{"embeddable":true,"href":"https:\/\/ecole-stjoseph-pontchateau.fr\/index.php?rest_route=\/wp\/v2\/media\/8914"}],"wp:attachment":[{"href":"https:\/\/ecole-stjoseph-pontchateau.fr\/index.php?rest_route=%2Fwp%2Fv2%2Fmedia&parent=8928"}],"wp:term":[{"taxonomy":"category","embeddable":true,"href":"https:\/\/ecole-stjoseph-pontchateau.fr\/index.php?rest_route=%2Fwp%2Fv2%2Fcategories&post=8928"},{"taxonomy":"post_tag","embeddable":true,"href":"https:\/\/ecole-stjoseph-pontchateau.fr\/index.php?rest_route=%2Fwp%2Fv2%2Ftags&post=8928"}],"curies":[{"name":"wp","href":"https:\/\/api.w.org\/{rel}","templated":true}]}}