{"id":9223,"date":"2021-06-24T08:37:54","date_gmt":"2021-06-24T06:37:54","guid":{"rendered":"https:\/\/ecole-stjoseph-pontchateau.fr\/?p=9223"},"modified":"2021-06-24T08:37:54","modified_gmt":"2021-06-24T06:37:54","slug":"webinaire-en-direct-yann-arthus-bertrand-repond-aux-cm1-c","status":"publish","type":"post","link":"https:\/\/ecole-stjoseph-pontchateau.fr\/?p=9223","title":{"rendered":"Webinaire en direct : Yann Arthus-Bertrand r\u00e9pond aux CM1 C !"},"content":{"rendered":"<!--[if lt IE 9]><script>document.createElement('video');<\/script><![endif]-->\n\t<div class=\"wp-playlist wp-video-playlist wp-playlist-light\">\n\t\t<video controls=\"controls\" preload=\"none\" width=\"1148\"\n\t\t height=\"646\"\t><\/video>\n\t<div class=\"wp-playlist-next\"><\/div>\n\t<div class=\"wp-playlist-prev\"><\/div>\n\t<noscript>\n\t<ol>\n\t\t<li><a href='https:\/\/ecole-stjoseph-pontchateau.fr\/wp-content\/uploads\/2021\/06\/Replay-conf\u00e9rence-_-Yann-Arthus-Bertrand-imaginons-tout-ce-que-nous-pourrions-faire-tous-ensemble_Trim.mp4'>Replay conf\u00e9rence _ Yann Arthus-Bertrand, imaginons tout ce que nous pourrions faire tous ensemble_Trim<\/a><\/li>\t<\/ol>\n\t<\/noscript>\n\t<script type=\"application\/json\" class=\"wp-playlist-script\">{\"type\":\"video\",\"tracklist\":true,\"tracknumbers\":true,\"images\":true,\"artists\":true,\"tracks\":[{\"src\":\"https:\\\/\\\/ecole-stjoseph-pontchateau.fr\\\/wp-content\\\/uploads\\\/2021\\\/06\\\/Replay-conf\\u00e9rence-_-Yann-Arthus-Bertrand-imaginons-tout-ce-que-nous-pourrions-faire-tous-ensemble_Trim.mp4\",\"type\":\"video\\\/mp4\",\"title\":\"Replay conf\\u00e9rence _ Yann Arthus-Bertrand, imaginons tout ce que nous pourrions faire tous ensemble_Trim\",\"caption\":\"\",\"description\":\"\",\"meta\":{\"length_formatted\":\"1:38\"},\"dimensions\":{\"original\":{\"width\":1280,\"height\":720},\"resized\":{\"width\":1148,\"height\":646}},\"image\":{\"src\":\"https:\\\/\\\/ecole-stjoseph-pontchateau.fr\\\/wp-includes\\\/images\\\/media\\\/video.png\",\"width\":48,\"height\":64},\"thumb\":{\"src\":\"https:\\\/\\\/ecole-stjoseph-pontchateau.fr\\\/wp-includes\\\/images\\\/media\\\/video.png\",\"width\":48,\"height\":64}}]}<\/script>\n<\/div>\n\t\n<p dir=\"auto\">Dans le cadre de l\u2019axe \u00ab Environnement et d\u00e9veloppement durable \u00bb de son projet d\u2019\u00e9cole, les \u00e9l\u00e8ves de CM1C ont visionn\u00e9 le film \u00ab Legacy \u00bb de Yann Arthus-Bertrand et ont particip\u00e9 \u00e0 une webconf\u00e9rence en direct avec le photographe\/r\u00e9alisateur le mardi 8 juin.&nbsp; Celle-ci \u00e9tait organis\u00e9e par la fondation GoodPlanet qu\u2019il a fond\u00e9e.<\/p>\n<p dir=\"auto\">4 th\u00e8mes ont \u00e9t\u00e9 pr\u00e9alablement \u00e9tudi\u00e9s en classe : comprendre la biodiversit\u00e9 et les \u00e9cosyst\u00e8mes de la plan\u00e8te, appr\u00e9hender l\u2019agriculture, prendre conscience du d\u00e9r\u00e8glement climatique et d\u00e9couvrir le portrait de Yann Arthus-Bertrand.<\/p>\n<p dir=\"auto\">Pr\u00e8s de 500 \u00e9tablissements scolaires \u00e0 travers le monde (\u00c9gypte, Pologne, Belgique \u2026) participaient \u00e0 cette web conf\u00e9rence et pouvaient adresser leurs questions \u00e0 Yann Arthus-Bertrand.<\/p>\n<p dir=\"auto\">Les \u00e9l\u00e8ves de CM1C ont donc pr\u00e9par\u00e9 en amont trois questions qui ont \u00e9t\u00e9 ensuite propos\u00e9es. Voici le texte envoy\u00e9 \u00e0 Yann Arthus-Bertrand&nbsp; :<\/p>\n<div dir=\"auto\"><em>Bonjour, nous sommes les CM1C de l\u2019\u00e9cole St Joseph \u00e0 Pontch\u00e2teau (Loire-Atlantique). Nous souhaitons vous remercier pour votre film Legacy qui nous a \u00e0 la fois \u00e9merveill\u00e9s, \u00e9mus, choqu\u00e9s et boulevers\u00e9s mais aussi pour les d\u00e9couvertes et les questionnements qu\u2019il a occasionn\u00e9s. Nous profitons de cette belle occasion de la visioconf\u00e9rence pour vous poser les questions suivantes :<\/em><\/div>\n<div dir=\"auto\">\n<p><em>&#8211; Qu\u2019est-ce qui vous a le plus touch\u00e9, \u00e9mu lors de vos voyages ?<\/em><\/p>\n<p><em>&#8211; Quelle est la cause qui vous&nbsp;&nbsp;tient le plus \u00e0 c\u0153ur ?<\/em><\/p>\n<p><em>&#8211; Quelle action collective les enfants pourraient-ils mener pour tenter de faire changer les choses aupr\u00e8s des dirigeants de la Cop ?<\/em><\/p>\n<\/div>\n<p dir=\"auto\">\u00c0 leur grande surprise, Yann Arthus-Bertrand a choisi de r\u00e9pondre \u00e0 l\u2019une d\u2019elles !<\/p>\n<p dir=\"auto\">La voici : &nbsp;Qu\u2019est-ce qui vous a le plus touch\u00e9, \u00e9mu lors de vos voyages ?<\/p>\n<p dir=\"auto\">Ce \u00e0 quoi Yann Arthus-Bertrand a r\u00e9pondu : \u00ab les r\u00e9fugi\u00e9s dans le monde ainsi que les grandes in\u00e9galit\u00e9s entre les pays pauvres et les pays riches \u00bb.<\/p>\n<p dir=\"auto\">Les enfants \u00e9taient tr\u00e8s heureux d\u2019avoir entendu le nom de leur \u00e9cole et leur commune cit\u00e9s mais aussi fiers que l\u2019on ait choisi une de leurs questions !<\/p>\n<p dir=\"auto\">Voici l&rsquo;extrait vid\u00e9o du webinaire de&nbsp; ce grand moment !<\/p>\n","protected":false},"excerpt":{"rendered":"<p>Dans le cadre de l\u2019axe \u00ab Environnement et d\u00e9veloppement durable \u00bb de son projet d\u2019\u00e9cole, les \u00e9l\u00e8ves de CM1C ont visionn\u00e9 le film \u00ab Legacy \u00bb de Yann Arthus-Bertrand et ont particip\u00e9 \u00e0 une webconf\u00e9rence en direct avec le photographe\/r\u00e9alisateur le mardi 8 juin.&nbsp; Celle-ci \u00e9tait organis\u00e9e par la fondation GoodPlanet qu\u2019il a fond\u00e9e. 4<\/p>\n<p><a href=\"https:\/\/ecole-stjoseph-pontchateau.fr\/?p=9223\" class=\"more-link themebutton\">Lire la suite<\/a><\/p>\n","protected":false},"author":23,"featured_media":9224,"comment_status":"closed","ping_status":"open","sticky":false,"template":"","format":"standard","meta":{"ngg_post_thumbnail":0,"footnotes":""},"categories":[37,6,39],"tags":[],"_links":{"self":[{"href":"https:\/\/ecole-stjoseph-pontchateau.fr\/index.php?rest_route=\/wp\/v2\/posts\/9223"}],"collection":[{"href":"https:\/\/ecole-stjoseph-pontchateau.fr\/index.php?rest_route=\/wp\/v2\/posts"}],"about":[{"href":"https:\/\/ecole-stjoseph-pontchateau.fr\/index.php?rest_route=\/wp\/v2\/types\/post"}],"author":[{"embeddable":true,"href":"https:\/\/ecole-stjoseph-pontchateau.fr\/index.php?rest_route=\/wp\/v2\/users\/23"}],"replies":[{"embeddable":true,"href":"https:\/\/ecole-stjoseph-pontchateau.fr\/index.php?rest_route=%2Fwp%2Fv2%2Fcomments&post=9223"}],"version-history":[{"count":2,"href":"https:\/\/ecole-stjoseph-pontchateau.fr\/index.php?rest_route=\/wp\/v2\/posts\/9223\/revisions"}],"predecessor-version":[{"id":9227,"href":"https:\/\/ecole-stjoseph-pontchateau.fr\/index.php?rest_route=\/wp\/v2\/posts\/9223\/revisions\/9227"}],"wp:featuredmedia":[{"embeddable":true,"href":"https:\/\/ecole-stjoseph-pontchateau.fr\/index.php?rest_route=\/wp\/v2\/media\/9224"}],"wp:attachment":[{"href":"https:\/\/ecole-stjoseph-pontchateau.fr\/index.php?rest_route=%2Fwp%2Fv2%2Fmedia&parent=9223"}],"wp:term":[{"taxonomy":"category","embeddable":true,"href":"https:\/\/ecole-stjoseph-pontchateau.fr\/index.php?rest_route=%2Fwp%2Fv2%2Fcategories&post=9223"},{"taxonomy":"post_tag","embeddable":true,"href":"https:\/\/ecole-stjoseph-pontchateau.fr\/index.php?rest_route=%2Fwp%2Fv2%2Ftags&post=9223"}],"curies":[{"name":"wp","href":"https:\/\/api.w.org\/{rel}","templated":true}]}}