{"id":9311,"date":"2021-07-05T15:01:01","date_gmt":"2021-07-05T13:01:01","guid":{"rendered":"https:\/\/ecole-stjoseph-pontchateau.fr\/?p=9311"},"modified":"2021-07-05T15:01:01","modified_gmt":"2021-07-05T13:01:01","slug":"en-route-pour-nettoyer-la-nature","status":"publish","type":"post","link":"https:\/\/ecole-stjoseph-pontchateau.fr\/?p=9311","title":{"rendered":"En route pour nettoyer la nature !"},"content":{"rendered":"<p>Jeudi 1er juillet, les classes de ce1A et ce1B-ce2C sont all\u00e9es ramasser les d\u00e9chets aux alentours du parc de Co\u00ebt Roz.<\/p>\n<p><a href=\"https:\/\/ecole-stjoseph-pontchateau.fr\/wp-content\/uploads\/2021\/07\/nettoyons-nature-patricia.jpg\"><img fetchpriority=\"high\" decoding=\"async\" class=\"alignnone size-medium wp-image-9312\" src=\"https:\/\/ecole-stjoseph-pontchateau.fr\/wp-content\/uploads\/2021\/07\/nettoyons-nature-patricia-300x300.jpg\" alt=\"\" width=\"300\" height=\"300\" srcset=\"https:\/\/ecole-stjoseph-pontchateau.fr\/wp-content\/uploads\/2021\/07\/nettoyons-nature-patricia-300x300.jpg 300w, https:\/\/ecole-stjoseph-pontchateau.fr\/wp-content\/uploads\/2021\/07\/nettoyons-nature-patricia.jpg 1024w, https:\/\/ecole-stjoseph-pontchateau.fr\/wp-content\/uploads\/2021\/07\/nettoyons-nature-patricia-150x150.jpg 150w, https:\/\/ecole-stjoseph-pontchateau.fr\/wp-content\/uploads\/2021\/07\/nettoyons-nature-patricia-768x768.jpg 768w\" sizes=\"(max-width: 300px) 100vw, 300px\" \/><\/a> <a href=\"https:\/\/ecole-stjoseph-pontchateau.fr\/wp-content\/uploads\/2021\/07\/nettoyons-nature-celine.jpg\"><img decoding=\"async\" class=\"alignnone size-medium wp-image-9313\" src=\"https:\/\/ecole-stjoseph-pontchateau.fr\/wp-content\/uploads\/2021\/07\/nettoyons-nature-celine-300x300.jpg\" alt=\"\" width=\"300\" height=\"300\" srcset=\"https:\/\/ecole-stjoseph-pontchateau.fr\/wp-content\/uploads\/2021\/07\/nettoyons-nature-celine-300x300.jpg 300w, https:\/\/ecole-stjoseph-pontchateau.fr\/wp-content\/uploads\/2021\/07\/nettoyons-nature-celine.jpg 1024w, https:\/\/ecole-stjoseph-pontchateau.fr\/wp-content\/uploads\/2021\/07\/nettoyons-nature-celine-150x150.jpg 150w, https:\/\/ecole-stjoseph-pontchateau.fr\/wp-content\/uploads\/2021\/07\/nettoyons-nature-celine-768x768.jpg 768w\" sizes=\"(max-width: 300px) 100vw, 300px\" \/><\/a><\/p>\n","protected":false},"excerpt":{"rendered":"<p>Jeudi 1er juillet, les classes de ce1A et ce1B-ce2C sont all\u00e9es ramasser les d\u00e9chets aux alentours du parc de Co\u00ebt Roz.<\/p>\n","protected":false},"author":24,"featured_media":9314,"comment_status":"closed","ping_status":"open","sticky":false,"template":"","format":"standard","meta":{"ngg_post_thumbnail":0,"footnotes":""},"categories":[5],"tags":[],"_links":{"self":[{"href":"https:\/\/ecole-stjoseph-pontchateau.fr\/index.php?rest_route=\/wp\/v2\/posts\/9311"}],"collection":[{"href":"https:\/\/ecole-stjoseph-pontchateau.fr\/index.php?rest_route=\/wp\/v2\/posts"}],"about":[{"href":"https:\/\/ecole-stjoseph-pontchateau.fr\/index.php?rest_route=\/wp\/v2\/types\/post"}],"author":[{"embeddable":true,"href":"https:\/\/ecole-stjoseph-pontchateau.fr\/index.php?rest_route=\/wp\/v2\/users\/24"}],"replies":[{"embeddable":true,"href":"https:\/\/ecole-stjoseph-pontchateau.fr\/index.php?rest_route=%2Fwp%2Fv2%2Fcomments&post=9311"}],"version-history":[{"count":1,"href":"https:\/\/ecole-stjoseph-pontchateau.fr\/index.php?rest_route=\/wp\/v2\/posts\/9311\/revisions"}],"predecessor-version":[{"id":9315,"href":"https:\/\/ecole-stjoseph-pontchateau.fr\/index.php?rest_route=\/wp\/v2\/posts\/9311\/revisions\/9315"}],"wp:featuredmedia":[{"embeddable":true,"href":"https:\/\/ecole-stjoseph-pontchateau.fr\/index.php?rest_route=\/wp\/v2\/media\/9314"}],"wp:attachment":[{"href":"https:\/\/ecole-stjoseph-pontchateau.fr\/index.php?rest_route=%2Fwp%2Fv2%2Fmedia&parent=9311"}],"wp:term":[{"taxonomy":"category","embeddable":true,"href":"https:\/\/ecole-stjoseph-pontchateau.fr\/index.php?rest_route=%2Fwp%2Fv2%2Fcategories&post=9311"},{"taxonomy":"post_tag","embeddable":true,"href":"https:\/\/ecole-stjoseph-pontchateau.fr\/index.php?rest_route=%2Fwp%2Fv2%2Ftags&post=9311"}],"curies":[{"name":"wp","href":"https:\/\/api.w.org\/{rel}","templated":true}]}}